{"id":17432,"date":"2024-03-26T16:40:25","date_gmt":"2024-03-26T14:40:25","guid":{"rendered":"https:\/\/annabis.es\/sem-categoria\/cedro-do-atlas-cedrus-atlantica\/"},"modified":"2024-10-24T15:16:24","modified_gmt":"2024-10-24T13:16:24","slug":"cedro-do-atlas-cedrus-atlantica","status":"publish","type":"post","link":"https:\/\/annabis.es\/pt-pt\/ingredientes-cosmeticos-naturais\/cedro-do-atlas-cedrus-atlantica\/","title":{"rendered":"Cedro do Atlas (Cedrus atlantica)"},"content":{"rendered":"<p>[et_pb_section fb_built=&#8221;1&#8243; _builder_version=&#8221;4.16&#8243; global_colors_info=&#8221;{}&#8221;][et_pb_row _builder_version=&#8221;4.16&#8243; background_size=&#8221;initial&#8221; background_position=&#8221;top_left&#8221; background_repeat=&#8221;repeat&#8221; global_colors_info=&#8221;{}&#8221;][et_pb_column type=&#8221;4_4&#8243; _builder_version=&#8221;4.16&#8243; custom_padding=&#8221;|||&#8221; global_colors_info=&#8221;{}&#8221; custom_padding__hover=&#8221;|||&#8221;][et_pb_text _builder_version=&#8221;4.24.2&#8243; background_size=&#8221;initial&#8221; background_position=&#8221;top_left&#8221; background_repeat=&#8221;repeat&#8221; hover_enabled=&#8221;0&#8243; global_colors_info=&#8221;{}&#8221; sticky_enabled=&#8221;0&#8243;]<\/p>\n<h2>Atlas Ridge (Cedrus atlantica) em cosm\u00e9ticos naturais<\/h2>\n<div class=\"flex-1 overflow-hidden\">\n<div class=\"react-scroll-to-bottom--css-ovyiq-79elbk h-full\">\n<div class=\"react-scroll-to-bottom--css-ovyiq-1n7m0yu\">\n<div class=\"flex flex-col text-sm pb-9\">\n<div class=\"w-full text-token-text-primary\" data-testid=\"conversation-turn-21\">\n<div class=\"px-4 py-2 justify-center text-base md:gap-6 m-auto\">\n<div class=\"flex flex-1 text-base mx-auto gap-3 md:px-5 lg:px-1 xl:px-5 md:max-w-3xl lg:max-w-[40rem] xl:max-w-[48rem] group final-completion\">\n<div class=\"relative flex w-full flex-col agent-turn\">\n<div class=\"flex-col gap-1 md:gap-3\">\n<div class=\"flex flex-grow flex-col max-w-full\">\n<div class=\"min-h-[20px] text-message flex flex-col items-start gap-3 whitespace-pre-wrap break-words [.text-message+&amp;]:mt-5 overflow-x-auto\" data-message-author-role=\"assistant\" data-message-id=\"4a14d707-bfee-434b-af71-917a9a218ed6\">\n<div class=\"markdown prose w-full break-words dark:prose-invert light\">\n<div class=\"flex-1 overflow-hidden\">\n<div class=\"react-scroll-to-bottom--css-ovyiq-79elbk h-full\">\n<div class=\"react-scroll-to-bottom--css-ovyiq-1n7m0yu\">\n<div class=\"flex flex-col text-sm pb-9\">\n<div class=\"w-full text-token-text-primary\" data-testid=\"conversation-turn-23\">\n<div class=\"px-4 py-2 justify-center text-base md:gap-6 m-auto\">\n<div class=\"flex flex-1 text-base mx-auto gap-3 md:px-5 lg:px-1 xl:px-5 md:max-w-3xl lg:max-w-[40rem] xl:max-w-[48rem] group final-completion\">\n<div class=\"relative flex w-full flex-col agent-turn\">\n<div class=\"flex-col gap-1 md:gap-3\">\n<div class=\"flex flex-grow flex-col max-w-full\">\n<div class=\"min-h-[20px] text-message flex flex-col items-start gap-3 whitespace-pre-wrap break-words [.text-message+&amp;]:mt-5 overflow-x-auto\" data-message-author-role=\"assistant\" data-message-id=\"a583c716-77dc-4053-aaad-0544bb238b06\">\n<div class=\"markdown prose w-full break-words dark:prose-invert light\">\n<p>O cedro Atlantica, tamb\u00e9m conhecido como cedro do Atlas, \u00e9 uma esp\u00e9cie de \u00e1rvore nativa das montanhas do norte da \u00c1frica. Esta majestosa \u00e1rvore tem sido reverenciada durante s\u00e9culos pelas suas propriedades ben\u00e9ficas para a pele e cabelo. Nos cosm\u00e9ticos modernos, o Cedrus Atlantica tornou-se um ingrediente estrela, apreciado pelas suas propriedades revitalizantes, calmantes e nutritivas.  <\/p>\n<p><strong>Benef\u00edcios do Cedrus Atlantica em Cosm\u00e9ticos<\/strong><\/p>\n<p><strong>Hidrata\u00e7\u00e3o Intensa<\/strong>: O \u00f3leo essencial de Cedrus Atlantica \u00e9 conhecido pela sua capacidade de hidratar e nutrir profundamente a pele. As suas propriedades emolientes penetram nas camadas mais profundas da pele, deixando-a macia, flex\u00edvel e radiante. <\/p>\n<p><strong>Efeito calmante<\/strong>: Sofre de pele sens\u00edvel ou irritada? O Cedrus Atlantica oferece al\u00edvio instant\u00e2neo gra\u00e7as \u00e0s suas propriedades calmantes e anti-inflamat\u00f3rias. Este ingrediente natural \u00e9 ideal para acalmar a pele ap\u00f3s a exposi\u00e7\u00e3o solar, barbear ou qualquer irrita\u00e7\u00e3o da pele.  <\/p>\n<p><strong>Poderoso antioxidante<\/strong>: Proteja a sua pele contra os sinais de envelhecimento precoce com o poder antioxidante do Cedrus Atlantica. Os seus compostos ativos combatem os radicais livres, ajudando a prevenir a forma\u00e7\u00e3o de rugas e linhas finas. <\/p>\n<p><strong>Estimulante do couro cabeludo<\/strong>: Quer exibir um cabelo radiante e saud\u00e1vel? O Cedrus Atlantica estimula a circula\u00e7\u00e3o sangu\u00ednea no couro cabeludo, promovendo assim o crescimento do cabelo e fortalecendo os fol\u00edculos pilosos. Diga adeus \u00e0 perda de cabelo e ol\u00e1 aos cabelos mais fortes e cheios!  <\/p>\n<p><strong>Aroma Inebriante<\/strong>: Mergulhe numa experi\u00eancia sensorial \u00fanica com o aroma inebriante do Cedrus Atlantica. Este aroma quente e reconfortante ir\u00e1 transport\u00e1-lo para as florestas ancestrais do Norte de \u00c1frica, deixando um rasto de frescura e bem-estar no seu rastro. <\/p>\n<p>Cedrus Atlantica \u00e9 um tesouro da natureza que oferece uma ampla gama de benef\u00edcios para a pele e cabelo no mundo dos cosm\u00e9ticos. Desde a sua capacidade de hidratar e suavizar a pele at\u00e9 ao seu aroma inebriante e revigorante do couro cabeludo, este ingrediente natural \u00e9 um verdadeiro aliado para uma beleza radiante e saud\u00e1vel. Adicione Cedrus Atlantica \u00e0 sua rotina de beleza e descubra o poder transformador da natureza na sua pele e cabelo.  <\/p>\n<\/div>\n<\/div>\n<\/div>\n<\/div>\n<\/div>\n<\/div>\n<\/div>\n<\/div>\n<\/div>\n<\/div>\n<\/div>\n<\/div>\n<\/div>\n<\/div>\n<\/div>\n<\/div>\n<\/div>\n<\/div>\n<\/div>\n<\/div>\n<\/div>\n<\/div>\n<\/div>\n<\/div>\n<p>[\/et_pb_text][\/et_pb_column][\/et_pb_row][et_pb_row _builder_version=&#8221;4.24.2&#8243; _module_preset=&#8221;default&#8221; global_colors_info=&#8221;{}&#8221;][et_pb_column type=&#8221;4_4&#8243; _builder_version=&#8221;4.24.2&#8243; _module_preset=&#8221;default&#8221; global_colors_info=&#8221;{}&#8221;][et_pb_text _builder_version=&#8221;4.24.2&#8243; _module_preset=&#8221;default&#8221; hover_enabled=&#8221;0&#8243; global_colors_info=&#8221;{}&#8221; sticky_enabled=&#8221;0&#8243;]<\/p>\n<h2>Quais produtos Annabis cont\u00eam Cedrus atlantica?<\/h2>\n<p>[\/et_pb_text][\/et_pb_column][\/et_pb_row][et_pb_row column_structure=&#8221;1_4,1_4,1_4,1_4&#8243; _builder_version=&#8221;4.24.2&#8243; _module_preset=&#8221;default&#8221; animation_style=&#8221;fade&#8221; global_colors_info=&#8221;{}&#8221;][et_pb_column type=&#8221;1_4&#8243; _builder_version=&#8221;4.24.2&#8243; _module_preset=&#8221;default&#8221; global_colors_info=&#8221;{}&#8221;][et_pb_image src=&#8221;https:\/\/annabis.es\/wp-content\/uploads\/2023\/08\/BALCANN-crema-cbd-cannabis-CBD-CBG-nuevo-1000.jpg&#8221; alt=&#8221;N\u00c9OCANN ELIXIR HA \u2022 C\u00e2nhamo s\u00e9rico antienvelhecimento natural e \u00e1cido hialur\u00f3nico&#8221; title_text=&#8221;BALCANN-creme-cbd-cannabis-CBD-CBG-novo-1000&#8243; url=&#8221;https:\/\/annabis.es\/producto\/balcann-cbd-cbg-balsamo-organico-de-cannabis-para-pieles-secas-y-sensibles\/&#8221; _builder_version=&#8221;4.24.2&#8243; _module_preset=&#8221;default&#8221; hover_enabled=&#8221;0&#8243; global_colors_info=&#8221;{}&#8221; sticky_enabled=&#8221;0&#8243;][\/et_pb_image][et_pb_text _builder_version=&#8221;4.24.2&#8243; _module_preset=&#8221;default&#8221; header_4_line_height=&#8221;1.5em&#8221; link_option_url=&#8221;https:\/\/annabis.es\/producto\/balcann-cbd-cbg-balsamo-organico-de-cannabis-para-pieles-secas-y-sensibles\/&#8221; hover_enabled=&#8221;0&#8243; global_colors_info=&#8221;{}&#8221; sticky_enabled=&#8221;0&#8243;]<\/p>\n<h4 style=\"text-align: center;\">Balcann CBD + Pomada CBG<\/h4>\n<p>[\/et_pb_text][\/et_pb_column][et_pb_column type=&#8221;1_4&#8243; _builder_version=&#8221;4.24.2&#8243; _module_preset=&#8221;default&#8221; global_colors_info=&#8221;{}&#8221;][et_pb_image src=&#8221;https:\/\/annabis.es\/wp-content\/uploads\/2015\/05\/Annabis_Bodycann_Body_milk_EXP_02.jpg&#8221; alt=&#8221;BODYCANN LEITE CORPORAL \u00b7 Leite corporal hidratante de c\u00e2nhamo natural e vegano&#8221; title_text=&#8221;Annabis_Bodycann_Body_milk_EXP_02&#8243; url=&#8221;https:\/\/annabis.es\/producto\/bodycann-body-milk-locion-corporal-canamo-piel-atopica\/&#8221; _builder_version=&#8221;4.24.2&#8243; _module_preset=&#8221;default&#8221; hover_enabled=&#8221;0&#8243; global_colors_info=&#8221;{}&#8221; sticky_enabled=&#8221;0&#8243;][\/et_pb_image][et_pb_text _builder_version=&#8221;4.24.2&#8243; _module_preset=&#8221;default&#8221; header_4_line_height=&#8221;1.5em&#8221; link_option_url=&#8221;https:\/\/annabis.es\/producto\/bodycann-body-milk-locion-corporal-canamo-piel-atopica\/&#8221; hover_enabled=&#8221;0&#8243; global_colors_info=&#8221;{}&#8221; sticky_enabled=&#8221;0&#8243;]<\/p>\n<h4 style=\"text-align: center;\">Bodycann Leite Corporal<\/h4>\n<p>[\/et_pb_text][\/et_pb_column][et_pb_column type=&#8221;1_4&#8243; _builder_version=&#8221;4.24.2&#8243; _module_preset=&#8221;default&#8221; global_colors_info=&#8221;{}&#8221;][et_pb_image src=&#8221;https:\/\/annabis.es\/wp-content\/uploads\/2015\/05\/Annabis_Bodycann_Shampoo_EXP_02.jpg&#8221; alt=&#8221;SHAMPOO BODYCANN \u00b7 Shampoo de c\u00e2nhamo natural e vegano&#8221; title_text=&#8221;Annabis_Bodycann_Shampoo_EXP_02&#8243; url=&#8221;https:\/\/annabis.es\/producto\/bodycann-champu-natural-canamo-cuero-cabelludo-sensible\/&#8221; _builder_version=&#8221;4.24.2&#8243; _module_preset=&#8221;default&#8221; hover_enabled=&#8221;0&#8243; global_colors_info=&#8221;{}&#8221; sticky_enabled=&#8221;0&#8243;][\/et_pb_image][et_pb_text _builder_version=&#8221;4.24.2&#8243; _module_preset=&#8221;default&#8221; header_4_line_height=&#8221;1.5em&#8221; link_option_url=&#8221;https:\/\/annabis.es\/producto\/bodycann-champu-natural-canamo-cuero-cabelludo-sensible\/&#8221; hover_enabled=&#8221;0&#8243; global_colors_info=&#8221;{}&#8221; sticky_enabled=&#8221;0&#8243;]<\/p>\n<h4 style=\"text-align: center;\">Bodycann Shampoo<\/h4>\n<p>[\/et_pb_text][\/et_pb_column][et_pb_column type=&#8221;1_4&#8243; _builder_version=&#8221;4.24.2&#8243; _module_preset=&#8221;default&#8221; global_colors_info=&#8221;{}&#8221;][et_pb_image src=&#8221;https:\/\/annabis.es\/wp-content\/uploads\/2015\/05\/Annabis_Bodycann_Shower_gel_EXP_02.jpg&#8221; alt=&#8221;GEL DE BANHO BODYCANN \u00b7 Gel de c\u00e2nhamo natural e vegan para banho e higiene di\u00e1ria&#8221; title_text=&#8221;Annabis_Bodycann_Shower_gel_EXP_02&#8243; url=&#8221;https:\/\/annabis.es\/producto\/bodycann-gel-de-canamo-pieles-sensibles-atopicas\/&#8221; _builder_version=&#8221;4.24.2&#8243; _module_preset=&#8221;default&#8221; hover_enabled=&#8221;0&#8243; global_colors_info=&#8221;{}&#8221; sticky_enabled=&#8221;0&#8243;][\/et_pb_image][et_pb_text _builder_version=&#8221;4.24.2&#8243; _module_preset=&#8221;default&#8221; header_4_line_height=&#8221;1.5em&#8221; link_option_url=&#8221;https:\/\/annabis.es\/producto\/bodycann-gel-de-canamo-pieles-sensibles-atopicas\/&#8221; hover_enabled=&#8221;0&#8243; global_colors_info=&#8221;{}&#8221; sticky_enabled=&#8221;0&#8243;]<\/p>\n<h4 style=\"text-align: center;\">Bodycann Gel de Duche<\/h4>\n<p>[\/et_pb_text][\/et_pb_column][\/et_pb_row][\/et_pb_section]<\/p>\n","protected":false},"excerpt":{"rendered":"<p>Atlas Ridge (Cedrus atlantica) em cosm\u00e9ticos naturais O cedro Atlantica, tamb\u00e9m conhecido como cedro do Atlas, \u00e9 uma esp\u00e9cie de \u00e1rvore nativa das montanhas do norte da \u00c1frica. Esta majestosa \u00e1rvore tem sido reverenciada durante s\u00e9culos pelas suas propriedades ben\u00e9ficas para a pele e cabelo. Nos cosm\u00e9ticos modernos, o Cedrus Atlantica tornou-se um ingrediente estrela, [&hellip;]<\/p>\n","protected":false},"author":1,"featured_media":16874,"comment_status":"closed","ping_status":"closed","sticky":false,"template":"","format":"standard","meta":{"_acf_changed":false,"_et_pb_use_builder":"on","_et_pb_old_content":"","_et_gb_content_width":"","footnotes":""},"categories":[3601],"tags":[3604,3607,3606,3603],"class_list":["post-17432","post","type-post","status-publish","format-standard","has-post-thumbnail","hentry","category-ingredientes-cosmeticos-naturais","tag-antioxidante-pt-pt","tag-estimulante-pt-pt","tag-hidratacao","tag-sedativo"],"acf":[],"_links":{"self":[{"href":"https:\/\/annabis.es\/pt-pt\/wp-json\/wp\/v2\/posts\/17432","targetHints":{"allow":["GET"]}}],"collection":[{"href":"https:\/\/annabis.es\/pt-pt\/wp-json\/wp\/v2\/posts"}],"about":[{"href":"https:\/\/annabis.es\/pt-pt\/wp-json\/wp\/v2\/types\/post"}],"author":[{"embeddable":true,"href":"https:\/\/annabis.es\/pt-pt\/wp-json\/wp\/v2\/users\/1"}],"replies":[{"embeddable":true,"href":"https:\/\/annabis.es\/pt-pt\/wp-json\/wp\/v2\/comments?post=17432"}],"version-history":[{"count":0,"href":"https:\/\/annabis.es\/pt-pt\/wp-json\/wp\/v2\/posts\/17432\/revisions"}],"wp:featuredmedia":[{"embeddable":true,"href":"https:\/\/annabis.es\/pt-pt\/wp-json\/wp\/v2\/media\/16874"}],"wp:attachment":[{"href":"https:\/\/annabis.es\/pt-pt\/wp-json\/wp\/v2\/media?parent=17432"}],"wp:term":[{"taxonomy":"category","embeddable":true,"href":"https:\/\/annabis.es\/pt-pt\/wp-json\/wp\/v2\/categories?post=17432"},{"taxonomy":"post_tag","embeddable":true,"href":"https:\/\/annabis.es\/pt-pt\/wp-json\/wp\/v2\/tags?post=17432"}],"curies":[{"name":"wp","href":"https:\/\/api.w.org\/{rel}","templated":true}]}}