{"id":17507,"date":"2019-08-20T12:35:34","date_gmt":"2019-08-20T10:35:34","guid":{"rendered":"https:\/\/annabis.es\/sem-categoria\/como-proteger-e-cuidar-da-pele-sensivel-no-verao\/"},"modified":"2024-10-24T15:17:06","modified_gmt":"2024-10-24T13:17:06","slug":"como-proteger-e-cuidar-da-pele-sensivel-no-verao","status":"publish","type":"post","link":"https:\/\/annabis.es\/pt-pt\/cosmeticos-naturais\/como-proteger-e-cuidar-da-pele-sensivel-no-verao\/","title":{"rendered":"Como proteger e cuidar da pele sens\u00edvel no ver\u00e3o?"},"content":{"rendered":"<p>[et_pb_section bb_built=&#8221;1&#8243; fullwidth=&#8221;on&#8221; specialty=&#8221;off&#8221; next_background_color=&#8221;#000000&#8243; _builder_version=&#8221;3.0.105&#8243; background_image=&#8221;https:\/\/annabis.es\/wp-content\/uploads\/2019\/03\/annabis-expoecosalud-2019-ca\u0301n\u0303amo.jpg&#8221;][et_pb_fullwidth_post_title _builder_version=&#8221;3.0.105&#8243; title=&#8221;sobre&#8221; meta=&#8221;off&#8221; author=&#8221;on&#8221; date=&#8221;on&#8221; categories=&#8221;on&#8221; comments=&#8221;on&#8221; featured_image=&#8221;on&#8221; featured_placement=&#8221;background&#8221; text_color=&#8221;light&#8221; text_background=&#8221;on&#8221; text_bg_color=&#8221;rgba(0,0,0,0.3)&#8221; text_orientation=&#8221;center&#8221; background_image=&#8221;https:\/\/annabis.es\/wp-content\/uploads\/2018\/11\/cannafest-5295-2.jpg&#8221; \/][\/et_pb_section][et_pb_section bb_built=&#8221;1&#8243; prev_background_color=&#8221;#000000&#8243; _builder_version=&#8221;3.0.105&#8243;][et_pb_row _builder_version=&#8221;3.0.105&#8243; disabled=&#8221;off&#8221; disabled_on=&#8221;off|off|&#8221;][et_pb_column type=&#8221;3_4&#8243;][et_pb_text admin_label=&#8221;Texto INTRO&#8221; _builder_version=&#8221;3.0.105&#8243; background_layout=&#8221;light&#8221;]<\/p>\n<p>\u00c9 sempre um prazer passar tempo ao ar livre, desfrutando da praia, das montanhas ou dos terra\u00e7os durante o ver\u00e3o. Mas se quiser divertir-se plenamente sem p\u00f4r em risco a sa\u00fade da sua pele, deve ter em conta alguns cuidados extra a adicionar \u00e0 sua rotina di\u00e1ria durante a \u00e9poca estival, e ainda mais se a sua pele for extremamente sens\u00edvel. Abaixo damos-lhe uma s\u00e9rie de <strong>dicas para o cuidado da pele sens\u00edvel<\/strong> no ver\u00e3o.  <\/p>\n<p>&nbsp;<\/p>\n<p>[\/et_pb_text][et_pb_text admin_label=&#8221;3 tips para el cuidado de pieles sensibles en verano&#8221; _builder_version=&#8221;3.0.105&#8243; background_layout=&#8221;light&#8221;]<\/p>\n<h2><strong>3 dicas para o cuidado da pele sens\u00edvel no ver\u00e3o<\/strong><\/h2>\n<p>No ver\u00e3o, a pele sens\u00edvel tende a ser irritada e desidratada mais facilmente, devido a fatores como alta radia\u00e7\u00e3o solar, calor e aumento dos n\u00edveis de polui\u00e7\u00e3o que aumentam o aparecimento de sintomas como irrita\u00e7\u00e3o, secura e erup\u00e7\u00f5es cut\u00e2neas. Por isso, recomendamos que mantenha uma s\u00e9rie de precau\u00e7\u00f5es e rotinas saud\u00e1veis que ajudam a proteger a sua pele e a aliviar os sintomas inc\u00f3modos.<\/p>\n<h3>1. Use prote\u00e7\u00e3o durante a exposi\u00e7\u00e3o solar<\/h3>\n<p>A pele sens\u00edvel deve ser protegida dos raios UVA durante todo o ano, mas no ver\u00e3o com mais raz\u00e3o. Se vai expor-se ao sol, tanto na praia como nas montanhas, fa\u00e7a-o sempre progressivamente e use cremes de protetor solar de alto fator (<strong>FPS 50<\/strong>) para proteger a sua pele por mais tempo. Mas, mesmo assim, tente aplicar o creme v\u00e1rias vezes ao dia. Al\u00e9m disso, evite estar ao sol no meio do dia e reforce a prote\u00e7\u00e3o usando elementos f\u00edsicos como guarda-chuva, bon\u00e9 ou chap\u00e9u. Qualquer precau\u00e7\u00e3o contra as agress\u00f5es do sol \u00e9 pouca.  <\/p>\n<h3>2. Siga uma rotina de cuidados p\u00f3s-sol<\/h3>\n<p>Mesmo que tenha tomado todas as precau\u00e7\u00f5es durante o tempo de exposi\u00e7\u00e3o, a sua pele precisa de cuidados redobrados quando chegar a casa. Aqui est\u00e3o alguns truques que a sua pele ir\u00e1 apreciar: <\/p>\n<ul>\n<li>Retire os restos do protetor solar com um pequeno banho de <strong>\u00e1gua fresca ou morna<\/strong> (lembre-se que a \u00e1gua quente \u00e9 demasiado agressiva para a sua pele), usando um <strong>gel macio e n\u00e3o agressivo<\/strong> que ajuda a sua pele a recuperar. E um detalhe importante: evite usar esponjas, o melhor \u00e9 aplicar o gel \u00e0 m\u00e3o para evitar irrita\u00e7\u00e3o. <\/li>\n<li>Ap\u00f3s o banho, complete os seus cuidados aplicando um <strong>creme ou \u00f3leo natural<\/strong>, tanto corporal como facial, espec\u00edfico para a hidrata\u00e7\u00e3o de peles sens\u00edveis como os que pode encontrar no <a href=\"https:\/\/annabis.es\/pt-pt\/etiqueta-producto\/pele-sensivel\/\">nosso cat\u00e1logo<\/a>, livre de toxinas e 100% natural. Eles fornecer\u00e3o um efeito hidratante e calmante que voc\u00ea notar\u00e1 imediatamente. <\/li>\n<\/ul>\n<h3>3. Mantenha uma dieta saud\u00e1vel e evite toxinas que danificam a pele<\/h3>\n<p>Outra chave para manter a pele saud\u00e1vel e aliviar o desconforto da pele sens\u00edvel \u00e9 manter uma dieta saud\u00e1vel. Para esta \u00e9poca quente do ano, \u00e9 importante <strong>manter-se hidratado bebendo 1,5-2 litros de \u00e1gua e sucos<\/strong>, bem como comer mais <strong>frutas e vegetais frescos<\/strong> para ajudar a nutrir a pele. E, por outro lado, evite alimentos picantes que aumentem a sensibilidade da pele. Evite tamb\u00e9m o consumo de toxinas como o \u00e1lcool e o tabaco, pois prejudicam o seu corpo por dentro e por fora.<\/p>\n<p>[\/et_pb_text][et_pb_image _builder_version=&#8221;3.0.105&#8243; src=&#8221;https:\/\/annabis.es\/wp-content\/uploads\/2019\/08\/piel-sensible-verano-annabis.jpg&#8221; show_in_lightbox=&#8221;off&#8221; url_new_window=&#8221;off&#8221; use_overlay=&#8221;off&#8221; always_center_on_mobile=&#8221;on&#8221; force_fullwidth=&#8221;off&#8221; show_bottom_space=&#8221;on&#8221; alt=&#8221;Annabis usa casca de carvalho em combina\u00e7\u00e3o com extrato de semente de c\u00e2nhamo para a formula\u00e7\u00e3o de seu b\u00e1lsamo Balcann, um tratamento natural de cuidado da pele.  &#8221; title_text=&#8221;casca de carvalho&#8221; \/][et_pb_text admin_label=&#8221;Cosm\u00e9tica natural para el cuidado de pieles sensibles&#8221; _builder_version=&#8221;3.0.105&#8243; background_layout=&#8221;light&#8221;]<\/p>\n<h2><a href=\"https:\/\/annabis.es\/pt-pt\/etiqueta-producto\/pele-sensivel\/\"><strong>Cosm\u00e9ticos naturais para o cuidado da pele sens\u00edvel<\/strong><\/a><\/h2>\n<p>Al\u00e9m de seguir rotinas saud\u00e1veis para o al\u00edvio do desconforto cut\u00e2neo, \u00e9 decisivo fazer uma sele\u00e7\u00e3o correta dos produtos que aplicamos no nosso corpo durante a higiene e cuidados di\u00e1rios. Na <a href=\"https:\/\/annabis.es\/pt-pt\/\">Annabis<\/a>temos uma variedade de <strong>cremes, g\u00e9is ou \u00f3leos com uma<\/strong> <strong>f\u00f3rmula especialmente concebida para peles sens\u00edveis<\/strong>. Gra\u00e7as ao \u00f3leo de c\u00e2nhamo contido na sua f\u00f3rmula, com propriedades emolientes e calmantes, oferece-lhe um grau de cuidado, prote\u00e7\u00e3o e preven\u00e7\u00e3o natural ideal para peles sens\u00edveis. <\/p>\n<h3><a href=\"https:\/\/annabis.es\/producto\/bodycann-gel-de-canamo-pieles-sensibles-atopicas\/\">Um duche mais saud\u00e1vel com Bodycann Gel  <\/a><\/h3>\n<p>Certamente j\u00e1 lhe aconteceu que quando sai do chuveiro j\u00e1 sentiu comich\u00e3o, vermelhid\u00e3o ou pequenas irrita\u00e7\u00f5es na pele, mas j\u00e1 parou para pensar se est\u00e1 a usar o gel mais adequado? Muitos produtos cosm\u00e9ticos convencionais cont\u00eam subst\u00e2ncias qu\u00edmicas que podem ser altamente agressivas para a pele. Por esta raz\u00e3o, recomendamos que opte por produtos naturais, mais respeitadores da sua sa\u00fade, como o nosso <b>gel de banho<\/b> <a href=\"https:\/\/annabis.es\/producto\/bodycann-gel-de-canamo-pieles-sensibles-atopicas\/\"><b>Bodycann<\/b><\/a>, cuja f\u00f3rmula baseada em <b>ingredientes 100% naturais <\/b>o tornam o melhor gel que a pele sens\u00edvel pode precisar.<\/p>\n<h3><a href=\"https:\/\/annabis.es\/?post_type=product&#038;p=11352\">Cuidados faciais 100% naturais para pele at\u00f3pica e sens\u00edvel com Cremcann Omega 3-6<\/a><\/h3>\n<p>Nutrir, hidratar e regenerar s\u00e3o as tr\u00eas principais qualidades que definem o nosso creme facial BIO <a href=\"https:\/\/annabis.es\/?post_type=product&#038;p=11352\"><b>Cremcann Omega 3-6<\/b><\/a>, composto por ingredientes org\u00e2nicos, que gra\u00e7as aos seus ingredientes 100% org\u00e2nicos, incluindo \u00f3leo de c\u00e2nhamo, \u00e9 especialmente indicado para peles sens\u00edveis ou extremamente secas, propensas a irrita\u00e7\u00e3o, descama\u00e7\u00e3o ou rachaduras.<\/p>\n<h3><a href=\"https:\/\/annabis.es\/?post_type=product&#038;p=1650\">Al\u00edvio e cuidados di\u00e1rios para a pele seca e delicada com Atopicann<\/a><\/h3>\n<p>Para o cuidado espec\u00edfico da pele sens\u00edvel e at\u00f3pica em determinadas \u00e1reas, \u00e9 importante ter um produto de cuidado especial para aliviar sintomas como coceira e vermelhid\u00e3o. Para isso recomendamos <strong><a href=\"https:\/\/annabis.es\/?post_type=product&#038;p=1650\">o Atopicann<\/a><\/strong>, um creme com um agrad\u00e1vel aroma a coco que, gra\u00e7as aos seus ingredientes naturais, como <b>zinco<\/b>, <a href=\"https:\/\/annabis.es\/pt-pt\/plata-coloidal-el-poderoso-antibiotico-natural-2\/\"><b>prata coloidal<\/b><\/a>, <b>sal marinho<\/b> e <a href=\"https:\/\/annabis.es\/pt-pt\/aceite-de-semillas-de-canamo-2\/\"><b>\u00f3leo de sementes de c\u00e2nhamo<\/b><\/a>, resultam numa f\u00f3rmula altamente eficaz para o al\u00edvio dos seus sintomas. Al\u00e9m disso, a sua textura agrad\u00e1vel e f\u00e1cil absor\u00e7\u00e3o permitir-lhe-\u00e1 aplic\u00e1-lo quantas vezes ao dia forem necess\u00e1rias sem deixar vest\u00edgios e acalmar a pele quantas vezes precisar. \u00c9 um produto 100% natural, <b>livre de parabenos<\/b> e conservantes irritantes, tornando-o o creme ideal para peles sens\u00edveis.<\/p>\n<p>[\/et_pb_text][et_pb_image _builder_version=&#8221;3.0.105&#8243; src=&#8221;https:\/\/annabis.es\/wp-content\/uploads\/2019\/08\/cremcann-facial-omega.jpg&#8221; show_in_lightbox=&#8221;off&#8221; url_new_window=&#8221;off&#8221; use_overlay=&#8221;off&#8221; always_center_on_mobile=&#8221;on&#8221; force_fullwidth=&#8221;off&#8221; show_bottom_space=&#8221;on&#8221; \/][et_pb_text admin_label=&#8221;cierrre&#8221; _builder_version=&#8221;3.0.105&#8243; background_layout=&#8221;light&#8221;]<\/p>\n<h2>Cuidados naturais para peles sens\u00edveis<\/h2>\n<p>Como voc\u00ea j\u00e1 deve saber, a pele sens\u00edvel \u00e9 uma condi\u00e7\u00e3o que deve ser vivida. No entanto, pode aliviar os sintomas e melhorar o seu bem-estar seguindo os conselhos que lhe demos e aplicando produtos adequados para peles sens\u00edveis. Fuja das toxinas e cuide-se todos os dias, a sua pele vai agradecer!<\/p>\n<p>[\/et_pb_text][\/et_pb_column][et_pb_column type=&#8221;1_4&#8243;][et_pb_sidebar orientation=&#8221;right&#8221; area=&#8221;sidebar-1&#8243; background_layout=&#8221;light&#8221; show_border=&#8221;on&#8221; _builder_version=&#8221;3.0.105&#8243; saved_tabs=&#8221;all&#8221; global_module=&#8221;7585&#8243;]<\/p>\n<p>&nbsp;<\/p>\n<p>[\/et_pb_sidebar][\/et_pb_column][\/et_pb_row][\/et_pb_section]<\/p>\n","protected":false},"excerpt":{"rendered":"<p>Dicas para o cuidado da pele sens\u00edvel no ver\u00e3o que v\u00e3o ajud\u00e1-lo a aliviar sintomas como coceira, vermelhid\u00e3o,&#8230; Tamb\u00e9m recomendamos produtos cosm\u00e9ticos naturais, melhor cuidado e prote\u00e7\u00e3o da pele <\/p>\n","protected":false},"author":444,"featured_media":16265,"comment_status":"closed","ping_status":"open","sticky":false,"template":"","format":"standard","meta":{"_acf_changed":false,"_et_pb_use_builder":"on","_et_pb_old_content":"","_et_gb_content_width":"","footnotes":""},"categories":[3667,3673],"tags":[3681,3648,3651,3674,3683,3665,3685,3660,3682,3684],"class_list":["post-17507","post","type-post","status-publish","format-standard","has-post-thumbnail","hentry","category-cosmeticos-naturais","category-dicas-naturais","tag-alergias-cutaneas","tag-cosmeticos-naturais","tag-cuidados-com-a-pele","tag-cuidados-com-o-corpo","tag-cuidados-faciais","tag-cuidados-naturais","tag-dicas-de-cuidados-com-a-pele","tag-pele-atopica","tag-pele-sensivel","tag-rotinas-saudaveis"],"acf":[],"_links":{"self":[{"href":"https:\/\/annabis.es\/pt-pt\/wp-json\/wp\/v2\/posts\/17507","targetHints":{"allow":["GET"]}}],"collection":[{"href":"https:\/\/annabis.es\/pt-pt\/wp-json\/wp\/v2\/posts"}],"about":[{"href":"https:\/\/annabis.es\/pt-pt\/wp-json\/wp\/v2\/types\/post"}],"author":[{"embeddable":true,"href":"https:\/\/annabis.es\/pt-pt\/wp-json\/wp\/v2\/users\/444"}],"replies":[{"embeddable":true,"href":"https:\/\/annabis.es\/pt-pt\/wp-json\/wp\/v2\/comments?post=17507"}],"version-history":[{"count":0,"href":"https:\/\/annabis.es\/pt-pt\/wp-json\/wp\/v2\/posts\/17507\/revisions"}],"wp:featuredmedia":[{"embeddable":true,"href":"https:\/\/annabis.es\/pt-pt\/wp-json\/wp\/v2\/media\/16265"}],"wp:attachment":[{"href":"https:\/\/annabis.es\/pt-pt\/wp-json\/wp\/v2\/media?parent=17507"}],"wp:term":[{"taxonomy":"category","embeddable":true,"href":"https:\/\/annabis.es\/pt-pt\/wp-json\/wp\/v2\/categories?post=17507"},{"taxonomy":"post_tag","embeddable":true,"href":"https:\/\/annabis.es\/pt-pt\/wp-json\/wp\/v2\/tags?post=17507"}],"curies":[{"name":"wp","href":"https:\/\/api.w.org\/{rel}","templated":true}]}}