{"id":17598,"date":"2020-01-23T09:00:30","date_gmt":"2020-01-23T07:00:30","guid":{"rendered":"https:\/\/annabis.es\/sem-categoria\/cuidados-basicos-para-proteger-a-pele-do-frio-no-inverno\/"},"modified":"2024-10-24T15:18:51","modified_gmt":"2024-10-24T13:18:51","slug":"cuidados-basicos-para-proteger-a-pele-do-frio-no-inverno","status":"publish","type":"post","link":"https:\/\/annabis.es\/pt-pt\/cosmeticos-naturais\/cuidados-basicos-para-proteger-a-pele-do-frio-no-inverno\/","title":{"rendered":"Cuidados b\u00e1sicos para proteger a pele do frio no inverno"},"content":{"rendered":"<p>[et_pb_section bb_built=&#8221;1&#8243; fullwidth=&#8221;on&#8221; specialty=&#8221;off&#8221; next_background_color=&#8221;#000000&#8243; _builder_version=&#8221;3.0.105&#8243; background_image=&#8221;https:\/\/annabis.es\/wp-content\/uploads\/2020\/01\/consejos-claves-cuidado-piel-frio-invierno-cosmetica-natural-annabis.jpg&#8221;][et_pb_fullwidth_post_title _builder_version=&#8221;3.0.105&#8243; title=&#8221;sobre&#8221; meta=&#8221;off&#8221; author=&#8221;on&#8221; date=&#8221;on&#8221; categories=&#8221;on&#8221; comments=&#8221;on&#8221; featured_image=&#8221;on&#8221; featured_placement=&#8221;background&#8221; text_color=&#8221;light&#8221; text_background=&#8221;on&#8221; text_bg_color=&#8221;rgba(0,0,0,0.3)&#8221; text_orientation=&#8221;center&#8221; background_image=&#8221;https:\/\/annabis.es\/wp-content\/uploads\/2018\/11\/cannafest-5295-2.jpg&#8221; \/][\/et_pb_section][et_pb_section bb_built=&#8221;1&#8243; prev_background_color=&#8221;#000000&#8243; _builder_version=&#8221;3.0.105&#8243;][et_pb_row _builder_version=&#8221;3.0.105&#8243; disabled=&#8221;off&#8221; disabled_on=&#8221;off|off|&#8221;][et_pb_column type=&#8221;3_4&#8243;][et_pb_text admin_label=&#8221;Texto iNTRO&#8221; _builder_version=&#8221;3.0.105&#8243; background_layout=&#8221;light&#8221;]<\/p>\n<p><em>Se voc\u00ea notar que o frio do inverno est\u00e1 cobrando seu pre\u00e7o em sua pele, n\u00e3o espere mais, comece a proteg\u00ea-la agora com alguns cuidados b\u00e1sicos para evitar ressecamento, irrita\u00e7\u00e3o e coceira. A sua pele vai agradecer!   <\/em><\/p>\n<p>&nbsp;<\/p>\n<p><span style=\"font-weight: 400;\">No inverno, como no ver\u00e3o, a pele fica mais vulner\u00e1vel \u00e0s intemp\u00e9ries, por isso \u00e9 essencial cuidar dela nesta \u00e9poca do ano, mantendo-a nutrida e hidratada.  <\/span><\/p>\n<p><span style=\"font-weight: 400;\">Al\u00e9m disso, se for uma pele sens\u00edvel, \u00e9 preciso ter mais cuidado com ela, pois mudan\u00e7as bruscas de temperatura afetam especialmente esse tipo de pele, tendendo a desidratar e ficar avermelhada.  <\/span><\/p>\n<p><span style=\"font-weight: 400;\">Para o orientar, partilhamos cinco cuidados b\u00e1sicos para proteger a sua pele do frio do inverno.  <\/span><\/p>\n<p>[\/et_pb_text][et_pb_text admin_label=&#8221;5 CONSEJOS PARA PROTEGER TU PIEL DEL FR\u00cdO&#8221; _builder_version=&#8221;3.0.105&#8243; background_layout=&#8221;light&#8221;]<\/p>\n<h2><span style=\"font-weight: 400;\">5 DICAS PARA PROTEGER A PELE DO FRIO<\/span><\/h2>\n<ol>\n<li style=\"font-weight: 400;\"><b>Aumenta a hidrata\u00e7\u00e3o<\/b><span style=\"font-weight: 400;\">, se pode ser v\u00e1rias vezes ao dia, especialmente se a sua pele sofre de algum tipo de altera\u00e7\u00e3o (dermatite at\u00f3pica, psor\u00edase, etc.). Al\u00e9m disso, um emoliente adequado, como o \u00f3leo de cannabis, pode ajud\u00e1-lo a mant\u00ea-lo ainda mais saud\u00e1vel e protegido.   <\/span><\/li>\n<li style=\"font-weight: 400;\"><b>Use cosm\u00e9ticos com f\u00f3rmulas suaves com ingredientes naturais<\/b><span style=\"font-weight: 400;\">, tanto em produtos de higiene (gel, champ\u00f4, gel de limpeza facial, etc.) como em produtos de hidrata\u00e7\u00e3o (cremes, lo\u00e7\u00f5es corporais, etc.). Verifique o INCI dos produtos para verificar se n\u00e3o cont\u00eam ingredientes abrasivos e verifique os selos de certifica\u00e7\u00e3o biol\u00f3gica ou biol\u00f3gica.   <\/span><\/li>\n<li style=\"font-weight: 400;\"><b>Evite \u00e1gua muito quente e mudan\u00e7as bruscas de temperatura<\/b><span style=\"font-weight: 400;\">. Se recomienda no poner la calefacci\u00f3n a m\u00e1s de 21\u00ba para minimizar el contraste cuando salgas al exterior. Y en cuanto a la ducha, aunque te apetezca hacer un balneario en casa, se aconseja mantener una temperatura tibia y evitar ducharse m\u00e1s de una vez al d\u00eda, pues todo ello provoca deshidrataci\u00f3n en la piel.    <\/span><\/li>\n<li style=\"font-weight: 400;\"><b>Incorpore rotinas saud\u00e1veis para cuidar da sua pele de manh\u00e3 e \u00e0 noite<\/b><span style=\"font-weight: 400;\">. Antes de salir de casa, protege la piel con una buena crema hidratante que evite la p\u00e9rdida de agua en la piel, hazlo especialmente en las zonas m\u00e1s expuestas al fr\u00edo (cara, manos, etc.). Y por la noche, es importante lavar bien la cara y a continuaci\u00f3n aplicar una crema o aceite nutritivo. Adem\u00e1s puedes regalarte un aut\u00e9ntico ritual de placer aplicando un aceite corporal tras el ba\u00f1o de la noche.     <\/span><\/li>\n<li style=\"font-weight: 400;\"><b>Proteja os l\u00e1bios com um bom b\u00e1lsamo labial<\/b><span style=\"font-weight: 400;\">, porque o frio \u00e9 um dos seus grandes inimigos. Para isso, use um bom protetor labial que os proteja e hidrate, evitando assim o ressecamento e rachaduras irritantes.   <\/span><\/li>\n<\/ol>\n<p>[\/et_pb_text][et_pb_text admin_label=&#8221;PRODUCTOS NATURALES &#8221; _builder_version=&#8221;3.0.105&#8243; background_layout=&#8221;light&#8221;]<\/p>\n<h2><span style=\"font-weight: 400;\">PRODUTOS NATURAIS PARA A PELE NO INVERNO<\/span><\/h2>\n<p><span style=\"font-weight: 400;\">Seguindo as dicas acima e usando produtos que respeitam o equil\u00edbrio natural da sua pele, voc\u00ea pode sobreviver ao inverno com uma pele radiante e saud\u00e1vel. Aqui est\u00e3o alguns produtos b\u00e1sicos para ajudar a proteger a sua pele do frio.   <\/span><\/p>\n<h3><span style=\"font-weight: 400;\">Linha BODYCANN para um banho natural<\/span><\/h3>\n<p><span style=\"font-weight: 400;\">Esta gama de produtos de higiene e hidrata\u00e7\u00e3o inclui gel, champ\u00f4 e leite corporal \u00e0 base de \u00f3leo de c\u00e2nhamo em combina\u00e7\u00e3o com outros produtos naturais. As suas f\u00f3rmulas suaves e altamente nutritivas proporcionam cuidados naturais e amigos da pele, mesmo os mais delicados.   <\/span><\/p>\n<p><strong><div class=\"woocommerce columns-4 \"><\/div><\/strong><\/p>\n<h3><span style=\"font-weight: 400;\">Para a sua rotina de cuidados da pele<\/span><\/h3>\n<p><span style=\"font-weight: 400;\">A nossa gama de cosm\u00e9ticos faciais oferece-lhe f\u00f3rmulas espec\u00edficas para cada tipo de tratamento facial, desde o nosso antirrugas com \u00c1cido Hialur\u00f3nico at\u00e9 ao nosso facial concentrado para pele com tend\u00eancia acneica com \u00d3leo de C\u00e2nhamo e Prata Coloidal.<\/span><\/p>\n<p><span style=\"font-weight: 400;\">Al\u00e9m dos cremes faciais, recomendamos o nosso b\u00e1lsamo labial \u00e0 base de c\u00e2nhamo que protege e hidrata os l\u00e1bios, tanto para crian\u00e7as como para adultos.  <\/span><\/p>\n<p><strong><div class=\"woocommerce columns-4 \"><ul class=\"products columns-4\">\n<li class=\"product type-product post-18076 status-publish first instock product_cat-cosmeticos-faciais product_cat-criancas-e-lactentes product_cat-higiene-oral product_tag-cantos product_tag-labios-pt-pt product_tag-pele-aspera has-post-thumbnail taxable shipping-taxable purchasable product-type-simple\">\n\t<a href=\"https:\/\/annabis.es\/pt-pt\/producto\/lipsticann-natur-balsamo-labial-reparador-de-canhamo-hidratante-e-regenerador\/\" class=\"woocommerce-LoopProduct-link woocommerce-loop-product__link\"><span class=\"et_shop_image\"><img loading=\"lazy\" decoding=\"async\" width=\"400\" height=\"400\" src=\"https:\/\/annabis.es\/wp-content\/uploads\/2015\/06\/Lipsticann-Natur-2-400x400.jpg\" class=\"attachment-woocommerce_thumbnail size-woocommerce_thumbnail\" alt=\"B\u00e1lsamo labial natural Lipsticann Natur\" \/><span class=\"et_overlay\"><\/span><\/span><h2 class=\"woocommerce-loop-product__title\">LIPSTICANN NATUR \u2022 B\u00e1lsamo labial reparador de c\u00e2nhamo hidratante e regenerador<\/h2>\n\t<span class=\"price\"><span class=\"woocommerce-Price-amount amount\"><bdi>7,50<span class=\"woocommerce-Price-currencySymbol\">&euro;<\/span><\/bdi><\/span> <small class=\"woocommerce-price-suffix\">IVA incl.<\/small><\/span>\n<\/a><a href=\"\/pt-pt\/wp-json\/wp\/v2\/posts\/17598?add-to-cart=18076\" aria-describedby=\"woocommerce_loop_add_to_cart_link_describedby_18076\" data-quantity=\"1\" class=\"button product_type_simple add_to_cart_button ajax_add_to_cart\" data-product_id=\"18076\" data-product_sku=\"2009\" aria-label=\"Adiciona ao carrinho: &ldquo;LIPSTICANN NATUR \u2022 B\u00e1lsamo labial reparador de c\u00e2nhamo hidratante e regenerador&rdquo;\" rel=\"nofollow\" data-success_message=\"&ldquo;LIPSTICANN NATUR \u2022 B\u00e1lsamo labial reparador de c\u00e2nhamo hidratante e regenerador&rdquo; foi adicionado ao seu carrinho\" role=\"button\">Adicionar<\/a>\t<span id=\"woocommerce_loop_add_to_cart_link_describedby_18076\" class=\"screen-reader-text\">\n\t\t\t<\/span>\n<\/li>\n<\/ul>\n<\/div><\/strong><\/p>\n<h3><span style=\"font-weight: 400;\">Produtos org\u00e2nicos para o cuidado do corpo<\/span><\/h3>\n<p><span style=\"font-weight: 400;\">Para a sua rotina de cuidados corporais, recomendamos o nosso \u00f3leo de c\u00e2nhamo CANNOL, um &#8220;multiuso&#8221; que pode aplicar em todas as \u00e1reas do corpo, mesmo no rosto e cabelo. Este \u00f3leo 100% natural nutre a pele seca ou irritada, e \u00e9 adequado para todos os tipos de pele.   <\/span><\/p>\n<p><span style=\"font-weight: 400;\">Claro, n\u00e3o se esque\u00e7a de hidratar as m\u00e3os, uma das \u00e1reas mais expostas ao frio. Para isso, pode experimentar o HANDCANN, um creme de m\u00e3os natural e vegan \u00e0 base de c\u00e2nhamo com efeito regenerador, ideal para m\u00e3os secas ou propensas a irrita\u00e7\u00e3o e fissuras. <\/span><\/p>\n<p><span style=\"font-weight: 400;\">E caso tenha pele at\u00f3pica ou psor\u00edase, sugerimos que complete os cuidados com o seu corpo com cremes e b\u00e1lsamos indicados para o al\u00edvio de sintomas como irrita\u00e7\u00e3o, secura extrema, comich\u00e3o ou picadas, etc.  <\/span><\/p>\n<p><strong><div class=\"woocommerce columns-4 \"><ul class=\"products columns-4\">\n<li class=\"product type-product post-18078 status-publish first instock product_cat-criancas-e-lactentes product_cat-cuidados-com-o-corpo product_cat-natural-e-bio product_tag-cuticulas-pt-pt product_tag-descamacao product_tag-maos product_tag-pele-aspera product_tag-pele-psoriatica product_tag-pele-seca product_tag-unhas has-post-thumbnail taxable shipping-taxable purchasable product-type-simple\">\n\t<a href=\"https:\/\/annabis.es\/pt-pt\/producto\/handcann-q10-creme-de-maos-natural-de-canhamo-hidratante-e-regenerador\/\" class=\"woocommerce-LoopProduct-link woocommerce-loop-product__link\"><span class=\"et_shop_image\"><img loading=\"lazy\" decoding=\"async\" width=\"400\" height=\"400\" src=\"https:\/\/annabis.es\/wp-content\/uploads\/2015\/05\/Annabis_Handcann_EXP_02-400x400.jpg\" class=\"attachment-woocommerce_thumbnail size-woocommerce_thumbnail\" alt=\"HANDCANN Q10 \u2022 Creme de m\u00e3os natural de c\u00e2nhamo hidratante e regenerador\" srcset=\"https:\/\/annabis.es\/wp-content\/uploads\/2015\/05\/Annabis_Handcann_EXP_02-400x400.jpg 400w, https:\/\/annabis.es\/wp-content\/uploads\/2015\/05\/Annabis_Handcann_EXP_02-100x100.jpg 100w, https:\/\/annabis.es\/wp-content\/uploads\/2015\/05\/Annabis_Handcann_EXP_02-510x510.jpg 510w, https:\/\/annabis.es\/wp-content\/uploads\/2015\/05\/Annabis_Handcann_EXP_02-64x64.jpg 64w, https:\/\/annabis.es\/wp-content\/uploads\/2015\/05\/Annabis_Handcann_EXP_02-300x300.jpg 300w, https:\/\/annabis.es\/wp-content\/uploads\/2015\/05\/Annabis_Handcann_EXP_02-150x150.jpg 150w, https:\/\/annabis.es\/wp-content\/uploads\/2015\/05\/Annabis_Handcann_EXP_02.jpg 600w\" sizes=\"auto, (max-width: 400px) 100vw, 400px\" \/><span class=\"et_overlay\"><\/span><\/span><h2 class=\"woocommerce-loop-product__title\">HANDCANN Q10 \u2022 Creme de m\u00e3os natural de c\u00e2nhamo hidratante e regenerador<\/h2>\n\t<span class=\"price\"><span class=\"woocommerce-Price-amount amount\"><bdi>8,90<span class=\"woocommerce-Price-currencySymbol\">&euro;<\/span><\/bdi><\/span> <small class=\"woocommerce-price-suffix\">IVA incl.<\/small><\/span>\n<\/a><a href=\"\/pt-pt\/wp-json\/wp\/v2\/posts\/17598?add-to-cart=18078\" aria-describedby=\"woocommerce_loop_add_to_cart_link_describedby_18078\" data-quantity=\"1\" class=\"button product_type_simple add_to_cart_button ajax_add_to_cart\" data-product_id=\"18078\" data-product_sku=\"2016\" aria-label=\"Adiciona ao carrinho: &ldquo;HANDCANN Q10 \u2022 Creme de m\u00e3os natural de c\u00e2nhamo hidratante e regenerador&rdquo;\" rel=\"nofollow\" data-success_message=\"&ldquo;HANDCANN Q10 \u2022 Creme de m\u00e3os natural de c\u00e2nhamo hidratante e regenerador&rdquo; foi adicionado ao seu carrinho\" role=\"button\">Adicionar<\/a>\t<span id=\"woocommerce_loop_add_to_cart_link_describedby_18078\" class=\"screen-reader-text\">\n\t\t\t<\/span>\n<\/li>\n<\/ul>\n<\/div><\/strong><\/p>\n<p><span style=\"font-weight: 400;\">J\u00e1 experimentou os nossos produtos de c\u00e2nhamo natural? Se sim, gostar\u00edamos muito de saber mais sobre a sua experi\u00eancia. V\u00e1 em frente e partilhe a sua opini\u00e3o!  <\/span><\/p>\n<p>[\/et_pb_text][\/et_pb_column][et_pb_column type=&#8221;1_4&#8243;][et_pb_sidebar orientation=&#8221;right&#8221; area=&#8221;sidebar-1&#8243; background_layout=&#8221;light&#8221; show_border=&#8221;on&#8221; _builder_version=&#8221;3.0.105&#8243; saved_tabs=&#8221;all&#8221; global_module=&#8221;7585&#8243;]<\/p>\n<p>&nbsp;<\/p>\n<p>[\/et_pb_sidebar][\/et_pb_column][\/et_pb_row][\/et_pb_section]<\/p>\n","protected":false},"excerpt":{"rendered":"<p>Se voc\u00ea notar que o frio do inverno est\u00e1 cobrando seu pre\u00e7o em sua pele, n\u00e3o espere mais, comece a proteg\u00ea-la agora com alguns cuidados b\u00e1sicos para evitar ressecamento, irrita\u00e7\u00e3o e coceira. A sua pele vai agradecer! &nbsp; No inverno, como no ver\u00e3o, a pele fica mais vulner\u00e1vel \u00e0s intemp\u00e9ries, por isso \u00e9 essencial cuidar [&hellip;]<\/p>\n","protected":false},"author":444,"featured_media":16394,"comment_status":"closed","ping_status":"open","sticky":false,"template":"","format":"standard","meta":{"_acf_changed":false,"_et_pb_use_builder":"on","_et_pb_old_content":"","_et_gb_content_width":"","footnotes":""},"categories":[3667,3673,3672],"tags":[3648,3698,3674,3740,3665,3685,3654,3658,3661],"class_list":["post-17598","post","type-post","status-publish","format-standard","has-post-thumbnail","hentry","category-cosmeticos-naturais","category-dicas-naturais","category-escritorio-natural","tag-cosmeticos-naturais","tag-cosmeticos-veganos","tag-cuidados-com-o-corpo","tag-cuidados-de-pele-de-inverno","tag-cuidados-naturais","tag-dicas-de-cuidados-com-a-pele","tag-habitos-saudaveis","tag-oleo-de-sementes-de-canhamo","tag-oleos-vegetais"],"acf":[],"_links":{"self":[{"href":"https:\/\/annabis.es\/pt-pt\/wp-json\/wp\/v2\/posts\/17598","targetHints":{"allow":["GET"]}}],"collection":[{"href":"https:\/\/annabis.es\/pt-pt\/wp-json\/wp\/v2\/posts"}],"about":[{"href":"https:\/\/annabis.es\/pt-pt\/wp-json\/wp\/v2\/types\/post"}],"author":[{"embeddable":true,"href":"https:\/\/annabis.es\/pt-pt\/wp-json\/wp\/v2\/users\/444"}],"replies":[{"embeddable":true,"href":"https:\/\/annabis.es\/pt-pt\/wp-json\/wp\/v2\/comments?post=17598"}],"version-history":[{"count":0,"href":"https:\/\/annabis.es\/pt-pt\/wp-json\/wp\/v2\/posts\/17598\/revisions"}],"wp:featuredmedia":[{"embeddable":true,"href":"https:\/\/annabis.es\/pt-pt\/wp-json\/wp\/v2\/media\/16394"}],"wp:attachment":[{"href":"https:\/\/annabis.es\/pt-pt\/wp-json\/wp\/v2\/media?parent=17598"}],"wp:term":[{"taxonomy":"category","embeddable":true,"href":"https:\/\/annabis.es\/pt-pt\/wp-json\/wp\/v2\/categories?post=17598"},{"taxonomy":"post_tag","embeddable":true,"href":"https:\/\/annabis.es\/pt-pt\/wp-json\/wp\/v2\/tags?post=17598"}],"curies":[{"name":"wp","href":"https:\/\/api.w.org\/{rel}","templated":true}]}}