{"id":17650,"date":"2020-03-05T12:25:49","date_gmt":"2020-03-05T10:25:49","guid":{"rendered":"https:\/\/annabis.es\/sem-categoria\/infarma-2020-esta-suspensa-por-motivos-de-saude-em-decorrencia-do-coronavirus\/"},"modified":"2024-10-24T15:19:04","modified_gmt":"2024-10-24T13:19:04","slug":"infarma-2020-esta-suspensa-por-motivos-de-saude-em-decorrencia-do-coronavirus","status":"publish","type":"post","link":"https:\/\/annabis.es\/pt-pt\/publicacoes\/infarma-2020-esta-suspensa-por-motivos-de-saude-em-decorrencia-do-coronavirus\/","title":{"rendered":"Infarma 2020 est\u00e1 suspensa por motivos de sa\u00fade em decorr\u00eancia do coronav\u00edrus"},"content":{"rendered":"<p>[et_pb_section bb_built=&#8221;1&#8243; fullwidth=&#8221;on&#8221; specialty=&#8221;off&#8221; next_background_color=&#8221;#000000&#8243; _builder_version=&#8221;3.0.105&#8243;][et_pb_fullwidth_post_title _builder_version=&#8221;3.0.105&#8243; title=&#8221;sobre&#8221; meta=&#8221;off&#8221; author=&#8221;on&#8221; date=&#8221;on&#8221; categories=&#8221;on&#8221; comments=&#8221;on&#8221; featured_image=&#8221;on&#8221; featured_placement=&#8221;background&#8221; text_color=&#8221;light&#8221; text_background=&#8221;on&#8221; text_bg_color=&#8221;rgba(0,0,0,0.3)&#8221; text_orientation=&#8221;center&#8221; background_image=&#8221;https:\/\/annabis.es\/wp-content\/uploads\/2018\/11\/cannafest-5295-2.jpg&#8221; \/][\/et_pb_section][et_pb_section bb_built=&#8221;1&#8243; prev_background_color=&#8221;#000000&#8243; _builder_version=&#8221;3.0.105&#8243;][et_pb_row _builder_version=&#8221;3.0.105&#8243; disabled=&#8221;off&#8221; disabled_on=&#8221;off|off|&#8221;][et_pb_column type=&#8221;3_4&#8243;][et_pb_text admin_label=&#8221;Intro&#8221; _builder_version=&#8221;3.0.105&#8243; background_layout=&#8221;light&#8221;]<\/p>\n<p class=\"p1\">A organiza\u00e7\u00e3o do <a href=\"https:\/\/www.infarma.es\/\" target=\"_blank\" rel=\"noopener noreferrer\">Infarma<\/a>, o evento farmac\u00eautico que estava programado para ser realizado na pr\u00f3xima semana, finalmente decidiu suspend\u00ea-lo devido \u00e0 situa\u00e7\u00e3o sanit\u00e1ria que estamos vivendo na Espanha devido <strong>\u00e0 crise do coronav\u00edrus<\/strong>.<\/p>\n<p class=\"p1\">No seu comunicado indicaram que: &#8220;seguindo instru\u00e7\u00f5es das autoridades de sa\u00fade e de acordo com as Associa\u00e7\u00f5es de Farmac\u00eauticos de Madrid e Barcelona, a <strong>Infarma Madrid 2020<\/strong> foi adiada. As novas datas ser\u00e3o comunicadas em breve.&#8221; <\/p>\n<p class=\"p1\">Da <b>Annabis<\/b>, que ia participar como<b><a href=\"https:\/\/annabis.es\/eventos\/annabis-en-infarma-madrid-2020-una-propuesta-de-cosmetica-natural-con-cannabis\/\"> expositora no Sal\u00e3o de Medicamentos e Parafarm\u00e1cia<\/a>, <\/b>continuaremos a inform\u00e1-lo das novidades que ser\u00e3o anunciadas sobre a celebra\u00e7\u00e3o da Infarma 2020.<\/p>\n<p>[\/et_pb_text][\/et_pb_column][et_pb_column type=&#8221;1_4&#8243;][et_pb_sidebar orientation=&#8221;right&#8221; area=&#8221;sidebar-1&#8243; background_layout=&#8221;light&#8221; show_border=&#8221;on&#8221; _builder_version=&#8221;3.0.105&#8243; saved_tabs=&#8221;all&#8221; global_module=&#8221;7585&#8243;]<br \/>\n[\/et_pb_sidebar][\/et_pb_column][\/et_pb_row][\/et_pb_section]<\/p>\n","protected":false},"excerpt":{"rendered":"<p>O Infarma Madrid 2020, evento farmac\u00eautico, est\u00e1 obrigado a ser adiado por motivos de sa\u00fade devido ao coronav\u00edrus.  <\/p>\n","protected":false},"author":444,"featured_media":16417,"comment_status":"closed","ping_status":"open","sticky":false,"template":"","format":"standard","meta":{"_acf_changed":false,"_et_pb_use_builder":"on","_et_pb_old_content":"","_et_gb_content_width":"","footnotes":""},"categories":[3764,3763],"tags":[],"class_list":["post-17650","post","type-post","status-publish","format-standard","has-post-thumbnail","hentry","category-feiras","category-publicacoes"],"acf":[],"_links":{"self":[{"href":"https:\/\/annabis.es\/pt-pt\/wp-json\/wp\/v2\/posts\/17650","targetHints":{"allow":["GET"]}}],"collection":[{"href":"https:\/\/annabis.es\/pt-pt\/wp-json\/wp\/v2\/posts"}],"about":[{"href":"https:\/\/annabis.es\/pt-pt\/wp-json\/wp\/v2\/types\/post"}],"author":[{"embeddable":true,"href":"https:\/\/annabis.es\/pt-pt\/wp-json\/wp\/v2\/users\/444"}],"replies":[{"embeddable":true,"href":"https:\/\/annabis.es\/pt-pt\/wp-json\/wp\/v2\/comments?post=17650"}],"version-history":[{"count":0,"href":"https:\/\/annabis.es\/pt-pt\/wp-json\/wp\/v2\/posts\/17650\/revisions"}],"wp:featuredmedia":[{"embeddable":true,"href":"https:\/\/annabis.es\/pt-pt\/wp-json\/wp\/v2\/media\/16417"}],"wp:attachment":[{"href":"https:\/\/annabis.es\/pt-pt\/wp-json\/wp\/v2\/media?parent=17650"}],"wp:term":[{"taxonomy":"category","embeddable":true,"href":"https:\/\/annabis.es\/pt-pt\/wp-json\/wp\/v2\/categories?post=17650"},{"taxonomy":"post_tag","embeddable":true,"href":"https:\/\/annabis.es\/pt-pt\/wp-json\/wp\/v2\/tags?post=17650"}],"curies":[{"name":"wp","href":"https:\/\/api.w.org\/{rel}","templated":true}]}}