{"id":17686,"date":"2020-07-03T08:34:25","date_gmt":"2020-07-03T06:34:25","guid":{"rendered":"https:\/\/annabis.es\/sem-categoria\/como-cuidar-da-sua-pele-apos-o-parto\/"},"modified":"2024-10-24T15:19:11","modified_gmt":"2024-10-24T13:19:11","slug":"como-cuidar-da-sua-pele-apos-o-parto","status":"publish","type":"post","link":"https:\/\/annabis.es\/pt-pt\/dicas-naturais\/como-cuidar-da-sua-pele-apos-o-parto\/","title":{"rendered":"Como cuidar da sua pele ap\u00f3s o parto"},"content":{"rendered":"<p>[et_pb_section bb_built=&#8221;1&#8243; fullwidth=&#8221;on&#8221; specialty=&#8221;off&#8221; next_background_color=&#8221;#000000&#8243; _builder_version=&#8221;3.0.105&#8243; background_image=&#8221;https:\/\/annabis.es\/wp-content\/uploads\/2020\/07\/consecuencias-confinamiento-salud-piel.jpg&#8221;][et_pb_fullwidth_post_title _builder_version=&#8221;3.0.105&#8243; title=&#8221;sobre&#8221; meta=&#8221;off&#8221; author=&#8221;on&#8221; date=&#8221;on&#8221; categories=&#8221;on&#8221; comments=&#8221;on&#8221; featured_image=&#8221;off&#8221; featured_placement=&#8221;below&#8221; text_color=&#8221;light&#8221; text_background=&#8221;on&#8221; text_bg_color=&#8221;rgba(0,0,0,0.3)&#8221; text_orientation=&#8221;center&#8221; custom_margin=&#8221;||1em|&#8221; custom_padding=&#8221;||3em|&#8221; \/][\/et_pb_section][et_pb_section bb_built=&#8221;1&#8243; prev_background_color=&#8221;#000000&#8243; _builder_version=&#8221;3.0.105&#8243;][et_pb_row _builder_version=&#8221;3.0.105&#8243; disabled=&#8221;off&#8221; disabled_on=&#8221;off|off|&#8221;][et_pb_column type=&#8221;3_4&#8243;][et_pb_text admin_label=&#8221;Intro&#8221; _builder_version=&#8221;3.0.105&#8243; background_layout=&#8221;light&#8221;]<\/p>\n<p><strong><em>O confinamento afetou a nossa pele e agora \u00e9 hora de prepar\u00e1-la para o ver\u00e3o.  <\/em><\/strong><\/p>\n<p><span style=\"font-weight: 400;\">A nossa pele tamb\u00e9m sofre as consequ\u00eancias do confinamento. Embora existam pessoas que ter\u00e3o experimentado uma melhoria na sua tez devido \u00e0 baixa exposi\u00e7\u00e3o a agress\u00f5es externas, como a polui\u00e7\u00e3o ou a agress\u00e3o dos raios ultravioletas. No lado oposto est\u00e1 uma grande maioria que verificou condi\u00e7\u00f5es de pele como espinhas, secura ou irrita\u00e7\u00e3o.    <\/span><\/p>\n<p><span style=\"font-weight: 400;\">Muitas pessoas viveram o confinamento sob altos n\u00edveis de estresse e passaram longas horas expostas \u00e0 luz dos dispositivos digitais, o que n\u00e3o \u00e9 nada positivo para a sa\u00fade da nossa pele.  <\/span><\/p>\n<p><span style=\"font-weight: 400;\">Se acrescentarmos a esses meses de quarentena que s\u00f3 voltamos a sair numa altura do ano que costuma ser complicada para a pele, como o ver\u00e3o, ent\u00e3o a equa\u00e7\u00e3o torna-se complicada.  <\/span><\/p>\n<p><span style=\"font-weight: 400;\">Agora que vamos passar muito tempo ao ar livre, que \u00e9 a melhor coisa sobre o ver\u00e3o e este ano mais do que nunca, devemos prestar especial aten\u00e7\u00e3o aos cuidados com a pele. Por isso, partilhamos consigo algumas dicas para encarar um ver\u00e3o saud\u00e1vel para a sua pele.   <\/span><\/p>\n<p><span style=\"font-weight: 400;\">Diminui\u00e7\u00e3o da luminosidade, aumento das bolsas e olheiras, dermatite, acne ou psor\u00edase s\u00e3o algumas das principais consequ\u00eancias que se manifestam na <\/span><b>pele ap\u00f3s<\/b><span style=\"font-weight: 400;\"> alguns dias de <\/span><b>confinamento<\/b><span style=\"font-weight: 400;\">.<\/span><\/p>\n<p>[\/et_pb_text][et_pb_image _builder_version=&#8221;3.0.105&#8243; src=&#8221;https:\/\/annabis.es\/wp-content\/uploads\/2020\/07\/cuidar-piel-verano-confinamiento.jpg&#8221; show_in_lightbox=&#8221;off&#8221; url_new_window=&#8221;off&#8221; use_overlay=&#8221;off&#8221; always_center_on_mobile=&#8221;on&#8221; force_fullwidth=&#8221;off&#8221; show_bottom_space=&#8221;on&#8221; \/][et_pb_text admin_label=&#8221;Consecuencias del confinamiento para la salud de la piel&#8221; _builder_version=&#8221;3.0.105&#8243; background_layout=&#8221;light&#8221;]<\/p>\n<h2><span style=\"font-weight: 400;\">Consequ\u00eancias do confinamento para a sa\u00fade da pele<\/span><\/h2>\n<p><span style=\"font-weight: 400;\">Dermatologistas especialistas insistem na import\u00e2ncia de proteger e cuidar da nossa pele neste ver\u00e3o. E n\u00e3o \u00e9 para menos, j\u00e1 que o estresse causado pela pandemia do Coronav\u00edrus deixou sua marca na mem\u00f3ria da nossa pele.   <\/span><\/p>\n<p><span style=\"font-weight: 400;\"> <\/span><a href=\"https:\/\/drasaracarrasco.com\/\" target=\"_blank\" rel=\"noopener noreferrer\"><span style=\"font-weight: 400;\">A Dra. Sara Carrasco<\/span><\/a> <span style=\"font-weight: 400;\">destacou em entrevista uma das principais causas pelas quais a nossa pele pode ser danificada ap\u00f3s o confinamento: \u00e9 o stress. <\/span> <\/p>\n<p><span style=\"font-weight: 400;\">Para come\u00e7ar, o estresse provoca um aumento na produ\u00e7\u00e3o de cortisol e adrenalina, o que pode gerar inflama\u00e7\u00e3o da pele, altera\u00e7\u00e3o do sebo e diminui\u00e7\u00e3o do col\u00e1geno. Ele tamb\u00e9m indica que essa ang\u00fastia faz com que o horm\u00f4nio melanina seja ativado como mecanismo de defesa antioxidante, produzindo manchas na pele.   <\/span><\/p>\n<p><span style=\"font-weight: 400;\">Outra raz\u00e3o que afeta a pele \u00e9 a dieta. Uma mudan\u00e7a na dieta durante a quarentena, como ter lanchado um pouco demais em a\u00e7\u00facares ou bebidas alco\u00f3licas, tamb\u00e9m pode alterar a condi\u00e7\u00e3o da pele.   <\/span><\/p>\n<p><span style=\"font-weight: 400;\">As m\u00e3os s\u00e3o tamb\u00e9m, sem d\u00favida, as mais afetadas. As medidas de higiene est\u00e3o a ajudar a travar o cont\u00e1gio e que temos de ter a responsabilidade de respeitar, t\u00eam os seus danos colaterais na pele que perde os seus \u00f3leos naturais. Isto pode ser observado na pele seca, \u00e1spera e por vezes at\u00e9 irritada ou com comich\u00e3o.    <\/span><\/p>\n<p>[\/et_pb_text][et_pb_text admin_label=&#8221;Aceite de C\u00e1\u00f1amo con Sal del Mar Muerto: la combinaci\u00f3n perfecta en cosm\u00e9tica bio&#8221; _builder_version=&#8221;3.0.105&#8243; background_layout=&#8221;light&#8221;]<\/p>\n<h2><span style=\"font-weight: 400;\">Dicas para cuidar da sua pele este ver\u00e3o<\/span><\/h2>\n<p><span style=\"font-weight: 400;\">Como todos os ver\u00f5es, devemos proteger a nossa pele tanto quanto poss\u00edvel. Voc\u00ea n\u00e3o precisa competir para ter o bronzeado mais bonito quando voltar de f\u00e9rias.   <\/span><\/p>\n<p><span style=\"font-weight: 400;\">Mas este ano vamos ter de dedicar um pouco mais de cuidados aos cuidados com a pele, para recuperar a sua normalidade depois daqueles meses de confinamento.  <\/span><span style=\"font-weight: 400;\">Al\u00e9m da prote\u00e7\u00e3o, outras chaves para cuidar da sua pele neste ver\u00e3o s\u00e3o:  <\/span><\/p>\n<p><span style=\"font-weight: 400;\">Al\u00e9m da prote\u00e7\u00e3o, outras chaves est\u00e3o na dieta: ingerir alimentos ricos nessa vitamina D e antioxidantes, por exemplo: abacate, latic\u00ednios integrais, peixes oleosos entre uma <\/span><span style=\"font-weight: 400;\">grande variedade de frutas e vegetais ricos em vitaminas essenciais para a sa\u00fade da nossa pele. <\/span> <\/p>\n<p><span style=\"font-weight: 400;\">Limp\u00e1-lo e mant\u00ea-lo bem hidratado depois deve ser o &#8220;Pai Nosso&#8221; de cada dia. Mas d\u00ea uma pausa no manto lip\u00eddico da pele, use produtos com ingredientes naturais que respeitem e acalmem a sua pele. No nosso <a href=\"https:\/\/annabis.es\/comprar-productos-de-canamo\/\">c<\/a>  <\/span><a href=\"https:\/\/annabis.es\/comprar-productos-de-canamo\/\"><span style=\"font-weight: 400;\">Terapia Cosm\u00e9tica com \u00d3leo de Cannabis<\/span><\/a><span style=\"font-weight: 400;\">, como ingrediente ativo natural, voc\u00ea pode encontrar uma grande variedade. <\/span><\/p>\n<p>[\/et_pb_text][et_pb_shop _builder_version=&#8221;3.0.105&#8243; type=&#8221;product_category&#8221; posts_number=&#8221;3&#8243; include_categories=&#8221;124&#8243; columns_number=&#8221;0&#8243; orderby=&#8221;date&#8221; \/][\/et_pb_column][et_pb_column type=&#8221;1_4&#8243;][et_pb_sidebar orientation=&#8221;right&#8221; area=&#8221;sidebar-1&#8243; background_layout=&#8221;light&#8221; show_border=&#8221;on&#8221; _builder_version=&#8221;3.0.105&#8243; saved_tabs=&#8221;all&#8221; global_module=&#8221;7585&#8243;]<\/p>\n<p>&nbsp;<\/p>\n<p>[\/et_pb_sidebar][\/et_pb_column][\/et_pb_row][\/et_pb_section]<\/p>\n","protected":false},"excerpt":{"rendered":"<p>O confinamento afetou a nossa pele e agora \u00e9 hora de prepar\u00e1-la para o ver\u00e3o. A nossa pele tamb\u00e9m sofre as consequ\u00eancias do confinamento. Embora existam pessoas que ter\u00e3o experimentado uma melhoria na sua tez devido \u00e0 baixa exposi\u00e7\u00e3o a agress\u00f5es externas, como a polui\u00e7\u00e3o ou a agress\u00e3o dos raios ultravioletas. No lado oposto est\u00e1 [&hellip;]<\/p>\n","protected":false},"author":444,"featured_media":16478,"comment_status":"closed","ping_status":"open","sticky":false,"template":"","format":"standard","meta":{"_acf_changed":false,"_et_pb_use_builder":"on","_et_pb_old_content":"","_et_gb_content_width":"","footnotes":""},"categories":[3673],"tags":[3790,3791,3794,3648,3651,3793,3792,3685,3766],"class_list":["post-17686","post","type-post","status-publish","format-standard","has-post-thumbnail","hentry","category-dicas-naturais","tag-afecoes-da-pele","tag-consequencias-do-confinamento-para-a-pele","tag-cosmeticos-de-cannabis","tag-cosmeticos-naturais","tag-cuidados-com-a-pele","tag-cuidados-com-a-pele-pt-pt","tag-cuidar-da-sua-pele-no-verao","tag-dicas-de-cuidados-com-a-pele","tag-oleo-de-canabis"],"acf":[],"_links":{"self":[{"href":"https:\/\/annabis.es\/pt-pt\/wp-json\/wp\/v2\/posts\/17686","targetHints":{"allow":["GET"]}}],"collection":[{"href":"https:\/\/annabis.es\/pt-pt\/wp-json\/wp\/v2\/posts"}],"about":[{"href":"https:\/\/annabis.es\/pt-pt\/wp-json\/wp\/v2\/types\/post"}],"author":[{"embeddable":true,"href":"https:\/\/annabis.es\/pt-pt\/wp-json\/wp\/v2\/users\/444"}],"replies":[{"embeddable":true,"href":"https:\/\/annabis.es\/pt-pt\/wp-json\/wp\/v2\/comments?post=17686"}],"version-history":[{"count":0,"href":"https:\/\/annabis.es\/pt-pt\/wp-json\/wp\/v2\/posts\/17686\/revisions"}],"wp:featuredmedia":[{"embeddable":true,"href":"https:\/\/annabis.es\/pt-pt\/wp-json\/wp\/v2\/media\/16478"}],"wp:attachment":[{"href":"https:\/\/annabis.es\/pt-pt\/wp-json\/wp\/v2\/media?parent=17686"}],"wp:term":[{"taxonomy":"category","embeddable":true,"href":"https:\/\/annabis.es\/pt-pt\/wp-json\/wp\/v2\/categories?post=17686"},{"taxonomy":"post_tag","embeddable":true,"href":"https:\/\/annabis.es\/pt-pt\/wp-json\/wp\/v2\/tags?post=17686"}],"curies":[{"name":"wp","href":"https:\/\/api.w.org\/{rel}","templated":true}]}}