{"id":17814,"date":"2022-03-02T17:04:49","date_gmt":"2022-03-02T15:04:49","guid":{"rendered":"https:\/\/annabis.es\/sem-categoria\/annabis-na-infarma-madrid-2022-uma-proposta-de-cosmetica-natural-com-canabis\/"},"modified":"2024-10-24T15:20:16","modified_gmt":"2024-10-24T13:20:16","slug":"annabis-na-infarma-madrid-2022-uma-proposta-de-cosmetica-natural-com-canabis","status":"publish","type":"post","link":"https:\/\/annabis.es\/pt-pt\/bem-haja\/annabis-na-infarma-madrid-2022-uma-proposta-de-cosmetica-natural-com-canabis\/","title":{"rendered":"Annabis na INFARMA Madrid 2022: uma proposta de cosm\u00e9tica natural com Can\u00e1bis"},"content":{"rendered":"<p>[et_pb_section bb_built=&#8221;1&#8243; fullwidth=&#8221;on&#8221; specialty=&#8221;off&#8221; next_background_color=&#8221;#000000&#8243; _builder_version=&#8221;3.0.105&#8243;][et_pb_fullwidth_post_title _builder_version=&#8221;3.0.105&#8243; title=&#8221;sobre&#8221; meta=&#8221;off&#8221; author=&#8221;on&#8221; date=&#8221;on&#8221; categories=&#8221;on&#8221; comments=&#8221;on&#8221; featured_image=&#8221;on&#8221; featured_placement=&#8221;background&#8221; text_color=&#8221;light&#8221; text_background=&#8221;on&#8221; text_bg_color=&#8221;rgba(0,0,0,0.3)&#8221; text_orientation=&#8221;center&#8221; background_image=&#8221;https:\/\/annabis.es\/wp-content\/uploads\/2018\/11\/cannafest-5295-2.jpg&#8221; \/][\/et_pb_section][et_pb_section bb_built=&#8221;1&#8243; prev_background_color=&#8221;#000000&#8243; _builder_version=&#8221;3.0.105&#8243;][et_pb_row _builder_version=&#8221;3.0.105&#8243; disabled=&#8221;off&#8221; disabled_on=&#8221;off|off|&#8221;][et_pb_column type=&#8221;3_4&#8243;][et_pb_text _builder_version=&#8221;3.0.105&#8243; background_layout=&#8221;light&#8221;]<\/p>\n<p><span style=\"font-weight: 400;\">A Annabis estar\u00e1 presente na <\/span><a href=\"https:\/\/www.infarma.es\/\" target=\"_blank\" rel=\"noopener noreferrer\"><b>INFARMA 2022<\/b><\/a><span style=\"font-weight: 400;\"> com uma proposta de cosm\u00e9tica natural \u00e0 base <\/span><b>do princ\u00edpio ativo da cannabis<\/b><span style=\"font-weight: 400;\">, um ingrediente com excelentes propriedades hidratantes, emolientes e calmantes que proporcionam in\u00fameros benef\u00edcios para a sa\u00fade. <\/span> <\/p>\n<p><img loading=\"lazy\" decoding=\"async\" class=\"wp-image-13746 size-medium alignright\" title=\"Cartaz INFARMA Madrid 2020\" src=\"https:\/\/annabis.es\/wp-content\/uploads\/2022\/03\/logo-infarma-2022-ok-300x169.jpeg\" alt=\"Infarma 2022\" width=\"300\" height=\"169\" srcset=\"https:\/\/annabis.es\/wp-content\/uploads\/2022\/03\/logo-infarma-2022-ok-300x169.jpeg 300w, https:\/\/annabis.es\/wp-content\/uploads\/2022\/03\/logo-infarma-2022-ok-510x287.jpeg 510w, https:\/\/annabis.es\/wp-content\/uploads\/2022\/03\/logo-infarma-2022-ok-64x36.jpeg 64w, https:\/\/annabis.es\/wp-content\/uploads\/2022\/03\/logo-infarma-2022-ok-1024x576.jpeg 1024w, https:\/\/annabis.es\/wp-content\/uploads\/2022\/03\/logo-infarma-2022-ok-768x432.jpeg 768w, https:\/\/annabis.es\/wp-content\/uploads\/2022\/03\/logo-infarma-2022-ok-610x343.jpeg 610w, https:\/\/annabis.es\/wp-content\/uploads\/2022\/03\/logo-infarma-2022-ok-1080x608.jpeg 1080w, https:\/\/annabis.es\/wp-content\/uploads\/2022\/03\/logo-infarma-2022-ok.jpeg 1344w\" sizes=\"auto, (max-width: 300px) 100vw, 300px\" \/><\/p>\n<h2><span style=\"font-weight: 400;\">INFARMA Madrid 2022: um evento chave para os profissionais do setor farmac\u00eautico  <\/span><\/h2>\n<p><span style=\"font-weight: 400;\">Temos o prazer de anunciar que este ano vamos participar como expositores na nova edi\u00e7\u00e3o do <strong>INFARMA,<\/strong> o encontro de farm\u00e1cias que todos os anos re\u00fane milhares de profissionais do setor com o objetivo de <strong>promover a inova\u00e7\u00e3o e divulgar os novos avan\u00e7os no setor farmac\u00eautico<\/strong>.  <\/span><\/p>\n<h3><span style=\"font-weight: 400;\">Apresenta\u00e7\u00e3o do ARTHROCANN Cannabis Gel na Feira de Medicamentos e Parafarm\u00e1cia  <\/span><\/h3>\n<p><span style=\"font-weight: 400;\">Durante o evento a realizar no recinto de feiras Ifema (Madrid), <\/span> ter\u00e1 lugar o <b>Congresso Europeu de Gabinetes de Farm\u00e1cia<\/b> <span style=\"font-weight: 400;\"> onde ser\u00e3o discutidos temas atuais reconhecidos como de interesse para a sa\u00fade e, em paralelo, a <\/span><b>Exposi\u00e7\u00e3o de Medicamentos e Parafarm\u00e1cia<\/b><span style=\"font-weight: 400;\"> onde apresentaremos a nossa proposta de produtos de can\u00e1bis cosm\u00e9ticos naturais, encabe\u00e7ada pela <\/span><b>linha ARTHROCANN <\/b><span style=\"font-weight: 400;\">que inclui <\/span><a href=\"https:\/\/annabis.es\/producto\/arthrocann-colageno-complemento-alimenticio-de-canamo-con-colageno-y-omega-3-6\/\"><b>g\u00e9is de massagem<\/b><\/a> na sua vers\u00e3o normal e efeito de calor<span style=\"font-weight: 400;\"> para o al\u00edvio do <\/span><b>desconforto muscular e articular<\/b><span style=\"font-weight: 400;\">. <\/span> <\/p>\n<h4><span style=\"font-weight: 400;\">Benef\u00edcios da Cannabis para Cuidados Musculares e Articulares<\/span><\/h4>\n<p><span style=\"font-weight: 400;\">O gel de massagem ARTHROCANN, \u00e0 base de <\/span><b>\u00f3leo de c\u00e2nhamo<\/b><span style=\"font-weight: 400;\"> e <\/span><b>prata coloidal <\/b> <span style=\"font-weight: 400;\">, proporciona uma <strong>sensa\u00e7\u00e3o calmante e relaxante atrav\u00e9s de massagem t\u00f3pica<\/strong> na pele dos m\u00fasculos e articula\u00e7\u00f5es, sem deixar uma sensa\u00e7\u00e3o gordurosa. A sua f\u00f3rmula combina 16 ingredientes ativos naturais altamente eficazes para o al\u00edvio do desconforto nas articula\u00e7\u00f5es e m\u00fasculos. Temos ainda a <strong>op\u00e7\u00e3o de gel com &#8220;efeito calor&#8221;,<\/strong> recomendado para <strong>massagens desportivas<\/strong> e recupera\u00e7\u00e3o muscular ap\u00f3s esfor\u00e7o f\u00edsico, proporcionando um <strong>extraordin\u00e1rio<\/strong> <strong>efeito tonificante<\/strong>.    <\/span><\/p>\n<p>Se pretende participar na <strong>INFARMA Madrid 2022<\/strong>, venha ao nosso <strong>stand<\/strong> <strong>[3A37] <\/strong>para aprender em primeira m\u00e3o sobre os benef\u00edcios da Cannabis e descobrir uma <strong>proposta cosm\u00e9tica inovadora e altamente eficaz<\/strong>. Ser\u00e1 um prazer ajud\u00e1-lo! <\/p>\n<p><span style=\"font-weight: 400;\">Finalmente, partilhamos alguns links \u00fateis para os visitantes da INFARMA Madrid:  <\/span><\/p>\n<ul>\n<li style=\"font-weight: 400;\"><a href=\"https:\/\/www.infarma.es\/infarma2022\/es\/register\/Register\/RegistroProfesionales\"><span style=\"font-weight: 400;\">Inscri\u00e7\u00f5es gratuitas para profissionais<\/span><\/a><\/li>\n<li><a href=\"https:\/\/networking.infarma.es\/\">Lista de Expositores 2022<\/a><\/li>\n<li style=\"font-weight: 400;\"><a href=\"https:\/\/www.infarma.es\/\">Saiba mais<\/a><\/li>\n<\/ul>\n<div class=\"woocommerce columns-4 \"><ul class=\"products columns-4\">\n<li class=\"product type-product post-18039 status-publish first instock product_cat-alivio-e-massagem product_cat-nutricao product_tag-articulacoes product_tag-cartilagem product_tag-ligamentos-pt-pt product_tag-nutricao-articular product_tag-suplemento-alimentar has-post-thumbnail taxable shipping-taxable purchasable product-type-simple\">\n\t<a href=\"https:\/\/annabis.es\/pt-pt\/producto\/complexo-vitaminico-de-colageno-arthrocann-%c2%b7-suplemento-dietetico-natural-para-cuidados-das-articulacoes\/\" class=\"woocommerce-LoopProduct-link woocommerce-loop-product__link\"><span class=\"et_shop_image\"><img loading=\"lazy\" decoding=\"async\" width=\"400\" height=\"400\" src=\"https:\/\/annabis.es\/wp-content\/uploads\/2015\/06\/Annabis_Arthrocann_Collagen_EXP_ES_02-1-400x400.jpg\" class=\"attachment-woocommerce_thumbnail size-woocommerce_thumbnail\" alt=\"COMPLEXO VITAM\u00cdNICO DE COL\u00c1GENO ARTHROCANN + \u00b7 Suplemento diet\u00e9tico natural para cuidados das articula\u00e7\u00f5es\" srcset=\"https:\/\/annabis.es\/wp-content\/uploads\/2015\/06\/Annabis_Arthrocann_Collagen_EXP_ES_02-1-400x400.jpg 400w, https:\/\/annabis.es\/wp-content\/uploads\/2015\/06\/Annabis_Arthrocann_Collagen_EXP_ES_02-1-100x100.jpg 100w, https:\/\/annabis.es\/wp-content\/uploads\/2015\/06\/Annabis_Arthrocann_Collagen_EXP_ES_02-1-510x510.jpg 510w, https:\/\/annabis.es\/wp-content\/uploads\/2015\/06\/Annabis_Arthrocann_Collagen_EXP_ES_02-1-64x64.jpg 64w, https:\/\/annabis.es\/wp-content\/uploads\/2015\/06\/Annabis_Arthrocann_Collagen_EXP_ES_02-1-300x300.jpg 300w, https:\/\/annabis.es\/wp-content\/uploads\/2015\/06\/Annabis_Arthrocann_Collagen_EXP_ES_02-1-150x150.jpg 150w, https:\/\/annabis.es\/wp-content\/uploads\/2015\/06\/Annabis_Arthrocann_Collagen_EXP_ES_02-1.jpg 600w\" sizes=\"auto, (max-width: 400px) 100vw, 400px\" \/><span class=\"et_overlay\"><\/span><\/span><h2 class=\"woocommerce-loop-product__title\">COMPLEXO VITAM\u00cdNICO DE COL\u00c1GENO ARTHROCANN + \u00b7 Suplemento diet\u00e9tico natural para cuidados das articula\u00e7\u00f5es<\/h2>\n\t<span class=\"price\"><span class=\"woocommerce-Price-amount amount\"><bdi>21,95<span class=\"woocommerce-Price-currencySymbol\">&euro;<\/span><\/bdi><\/span> <small class=\"woocommerce-price-suffix\">IVA incl.<\/small><\/span>\n<\/a><a href=\"\/pt-pt\/wp-json\/wp\/v2\/posts\/17814?add-to-cart=18039\" aria-describedby=\"woocommerce_loop_add_to_cart_link_describedby_18039\" data-quantity=\"1\" class=\"button product_type_simple add_to_cart_button ajax_add_to_cart\" data-product_id=\"18039\" data-product_sku=\"2022\" aria-label=\"Adiciona ao carrinho: &ldquo;COMPLEXO VITAM\u00cdNICO DE COL\u00c1GENO ARTHROCANN + \u00b7 Suplemento diet\u00e9tico natural para cuidados das articula\u00e7\u00f5es&rdquo;\" rel=\"nofollow\" data-success_message=\"&ldquo;COMPLEXO VITAM\u00cdNICO DE COL\u00c1GENO ARTHROCANN + \u00b7 Suplemento diet\u00e9tico natural para cuidados das articula\u00e7\u00f5es&rdquo; foi adicionado ao seu carrinho\" role=\"button\">Adicionar<\/a>\t<span id=\"woocommerce_loop_add_to_cart_link_describedby_18039\" class=\"screen-reader-text\">\n\t\t\t<\/span>\n<\/li>\n<\/ul>\n<\/div>\n<p>[\/et_pb_text][\/et_pb_column][et_pb_column type=&#8221;1_4&#8243;][et_pb_sidebar orientation=&#8221;right&#8221; area=&#8221;sidebar-1&#8243; background_layout=&#8221;light&#8221; show_border=&#8221;on&#8221; _builder_version=&#8221;3.0.105&#8243; saved_tabs=&#8221;all&#8221; global_module=&#8221;7585&#8243;]<\/p>\n<p>&nbsp;<\/p>\n<p>[\/et_pb_sidebar][\/et_pb_column][\/et_pb_row][\/et_pb_section]<\/p>\n","protected":false},"excerpt":{"rendered":"<p>A nossa proposta de Cosm\u00e9ticos Naturais com Can\u00e1bis chega \u00e0 INFARMA Madrid 2022, feira e congresso de Farm\u00e1cias, onde iremos apresentar a linha ARTHROCANN que inclui gel de massagem \u00e0 base de \u00f3leo de c\u00e2nhamo e prata coloidal, na sua vers\u00e3o normal e efeito calor.<\/p>\n","protected":false},"author":444,"featured_media":16412,"comment_status":"closed","ping_status":"open","sticky":false,"template":"","format":"standard","meta":{"_acf_changed":false,"_et_pb_use_builder":"on","_et_pb_old_content":"","_et_gb_content_width":"","footnotes":""},"categories":[3645,3764,3763],"tags":[3759,3648,3698,3674,3861,3860,3859,3695,3862,3784,3858],"class_list":["post-17814","post","type-post","status-publish","format-standard","has-post-thumbnail","hentry","category-bem-haja","category-feiras","category-publicacoes","tag-arthrocann-pt-pt","tag-cosmeticos-naturais","tag-cosmeticos-veganos","tag-cuidados-com-o-corpo","tag-farmacia-pt-pt","tag-feira-da-farmacia","tag-infarma-madrid-2020-pt-pt","tag-oleo-de-canhamo-pt-pt","tag-parafarmacia-pt-pt","tag-prata-coloidal","tag-publicacoes"],"acf":[],"_links":{"self":[{"href":"https:\/\/annabis.es\/pt-pt\/wp-json\/wp\/v2\/posts\/17814","targetHints":{"allow":["GET"]}}],"collection":[{"href":"https:\/\/annabis.es\/pt-pt\/wp-json\/wp\/v2\/posts"}],"about":[{"href":"https:\/\/annabis.es\/pt-pt\/wp-json\/wp\/v2\/types\/post"}],"author":[{"embeddable":true,"href":"https:\/\/annabis.es\/pt-pt\/wp-json\/wp\/v2\/users\/444"}],"replies":[{"embeddable":true,"href":"https:\/\/annabis.es\/pt-pt\/wp-json\/wp\/v2\/comments?post=17814"}],"version-history":[{"count":0,"href":"https:\/\/annabis.es\/pt-pt\/wp-json\/wp\/v2\/posts\/17814\/revisions"}],"wp:featuredmedia":[{"embeddable":true,"href":"https:\/\/annabis.es\/pt-pt\/wp-json\/wp\/v2\/media\/16412"}],"wp:attachment":[{"href":"https:\/\/annabis.es\/pt-pt\/wp-json\/wp\/v2\/media?parent=17814"}],"wp:term":[{"taxonomy":"category","embeddable":true,"href":"https:\/\/annabis.es\/pt-pt\/wp-json\/wp\/v2\/categories?post=17814"},{"taxonomy":"post_tag","embeddable":true,"href":"https:\/\/annabis.es\/pt-pt\/wp-json\/wp\/v2\/tags?post=17814"}],"curies":[{"name":"wp","href":"https:\/\/api.w.org\/{rel}","templated":true}]}}