{"id":17838,"date":"2022-07-25T13:37:14","date_gmt":"2022-07-25T11:37:14","guid":{"rendered":"https:\/\/annabis.es\/sem-categoria\/prata-coloidal-para-acne-o-melhor-remedio-natural\/"},"modified":"2024-10-24T15:20:21","modified_gmt":"2024-10-24T13:20:21","slug":"prata-coloidal-para-acne-o-melhor-remedio-natural","status":"publish","type":"post","link":"https:\/\/annabis.es\/pt-pt\/cosmeticos-naturais\/prata-coloidal-para-acne-o-melhor-remedio-natural\/","title":{"rendered":"Prata coloidal para acne: O melhor rem\u00e9dio natural"},"content":{"rendered":"<p>[et_pb_section bb_built=&#8221;1&#8243; fullwidth=&#8221;on&#8221; specialty=&#8221;off&#8221; next_background_color=&#8221;#000000&#8243; _builder_version=&#8221;3.0.105&#8243;][et_pb_fullwidth_post_title _builder_version=&#8221;3.0.105&#8243; title=&#8221;sobre&#8221; meta=&#8221;off&#8221; author=&#8221;on&#8221; date=&#8221;on&#8221; categories=&#8221;on&#8221; comments=&#8221;on&#8221; featured_image=&#8221;on&#8221; featured_placement=&#8221;background&#8221; text_color=&#8221;dark&#8221; text_background=&#8221;on&#8221; text_bg_color=&#8221;rgba(186,186,186,0.05)&#8221; \/][\/et_pb_section][et_pb_section bb_built=&#8221;1&#8243; prev_background_color=&#8221;#000000&#8243;][et_pb_row][et_pb_column type=&#8221;4_4&#8243;][et_pb_text admin_label=&#8221;Intro + H2&#8243; _builder_version=&#8221;3.0.105&#8243; background_layout=&#8221;light&#8221;]<\/p>\n<h2>Prata coloidal e acne<\/h2>\n<p>A acne, em latim <em>acne vulgaris<\/em>, \u00e9 uma doen\u00e7a de pele muito comum que a maioria dos adolescentes sofre. Esta altera\u00e7\u00e3o dermatol\u00f3gica afeta cada vez mais outros setores da popula\u00e7\u00e3o adulta, especialmente as mulheres, devido ao stress excessivo e \u00e0s altera\u00e7\u00f5es hormonais. A pele \u00e9 um \u00f3rg\u00e3o importante que o protege de influ\u00eancias externas e a sua condi\u00e7\u00e3o reflete o nosso estilo de vida. E existem v\u00e1rios fatores condicionantes que podem afetar o aparecimento da acne, mas a principal causa geralmente \u00e9 nutri\u00e7\u00e3o, estresse ou efeitos externos. A acne tamb\u00e9m pode ser causada pelo uso de cosm\u00e9ticos inadequados, falta de exerc\u00edcio, sono, ou certos medicamentos. Voc\u00ea se olha no espelho de manh\u00e3 e l\u00e1 est\u00e1. Acne geralmente aparece no momento menos conveniente, e agora? Temos a solu\u00e7\u00e3o de resgate para si: <a href=\"https:\/\/annabis.es\/?post_type=product&#038;p=3661\">CREMCANN Silver<\/a>, o nosso creme natural espec\u00edfico para a melhoria do acne. A sua formula\u00e7\u00e3o natural cont\u00e9m citrato de prata ou <strong>prata coloidal<\/strong> . \u00c9 um creme ideal para o tratamento de acne e herpes labial da nossa <a href=\"https:\/\/annabis.es\/comprar-productos-de-canamo\/cosmetica-facial\/\">linha de cuidados faciais<\/a> \u00e0 base de cannabis, adequado para todos os tipos de pele, incluindo as mais sens\u00edveis. A sua textura permite que seja aplicado a n\u00edvel facial, embora tamb\u00e9m possa ser aplicado em qualquer outra parte do corpo, para secar aquela espinha persistente, com f\u00e1cil absor\u00e7\u00e3o e sem deixar uma sensa\u00e7\u00e3o gordurosa.<\/p>\n<p>[\/et_pb_text][et_pb_image _builder_version=&#8221;3.0.105&#8243; show_in_lightbox=&#8221;off&#8221; url_new_window=&#8221;off&#8221; use_overlay=&#8221;off&#8221; always_center_on_mobile=&#8221;on&#8221; force_fullwidth=&#8221;off&#8221; show_bottom_space=&#8221;on&#8221; src=&#8221;https:\/\/annabis.es\/wp-content\/uploads\/2022\/07\/Annabis-Cremcann-Silver-1080&#215;675-1.jpg&#8221; disabled=&#8221;off&#8221; disabled_on=&#8221;off|off|off&#8221; \/][\/et_pb_column][\/et_pb_row][et_pb_row][et_pb_column type=&#8221;1_2&#8243;][et_pb_text admin_label=&#8221;H3&#8243; _builder_version=&#8221;3.0.105&#8243; background_layout=&#8221;light&#8221;]<\/p>\n<p>Citrato de prata ou <strong>prata coloidal<\/strong> tem um poderoso efeito antibacteriano e antiss\u00e9ptico natural. Estas micropart\u00edculas de prata s\u00e3o ainda menores do que o tamanho de v\u00edrus e bact\u00e9rias, por isso podem penetrar e bloque\u00e1-los. O citrato de prata bloqueia apenas os chamados microrganismos livres de oxig\u00e9nio, ou seja, aqueles que n\u00e3o necessitam de oxig\u00e9nio para a sua vida. As micropart\u00edculas penetram em agentes patog\u00e9nicos hostis (v\u00edrus, bact\u00e9rias, fungos) e come\u00e7am a decompor as suas enzimas, sem as quais n\u00e3o podem existir. Os pat\u00f3genos s\u00e3o bloqueados em quest\u00e3o de minutos. Um creme com certifica\u00e7\u00e3o natural, e indicado para peles sens\u00edveis e at\u00e9 testado em crian\u00e7as e beb\u00e9s dos 0 aos 3 anos, para aplicar em caso de eczema.    <\/p>\n<h3><\/h3>\n<h3>Benef\u00edcios da prata coloidal em cosm\u00e9ticos<\/h3>\n<ul>\n<li>Efeito anti-inflamat\u00f3rio<\/li>\n<li>Ajuda na cicatriza\u00e7\u00e3o de feridas e cicatrizes<\/li>\n<li>Limpa e regenera a pele<\/li>\n<li>Reduz o aumento dos poros<\/li>\n<li>Reduz a secre\u00e7\u00e3o de sebo ou \u00f3leo<\/li>\n<li>Acalma a pele<\/li>\n<\/ul>\n<p>A sua combina\u00e7\u00e3o com \u00f3leo de semente de c\u00e2nhamo (\u00f3leo de semente de cannabis sativa) e extrato de semente de c\u00e2nhamo (extrato de semente de cannabis sativa), d\u00e1 <a href=\"https:\/\/annabis.es\/?post_type=product&#038;p=3661\">\u00e0 Prata CREMCANN um<\/a> efeito regulador do sebo, ajudando a regular a secre\u00e7\u00e3o de sebo da pele e, assim, ajudando a regular os surtos de acne.<\/p>\n<p>[\/et_pb_text][\/et_pb_column][et_pb_column type=&#8221;1_2&#8243;][et_pb_image admin_label=&#8221;Silver&#8221; _builder_version=&#8221;3.0.105&#8243; src=&#8221;https:\/\/annabis.es\/wp-content\/uploads\/2022\/07\/Annabis_Cremcann_Silver_50ml_EXP_03.jpg&#8221; show_in_lightbox=&#8221;off&#8221; url_new_window=&#8221;off&#8221; use_overlay=&#8221;off&#8221; always_center_on_mobile=&#8221;on&#8221; force_fullwidth=&#8221;off&#8221; show_bottom_space=&#8221;on&#8221; url=&#8221;https:\/\/annabis.es\/?post_type=product&amp;p=3661&#8243; \/][\/et_pb_column][\/et_pb_row][\/et_pb_section]<\/p>\n","protected":false},"excerpt":{"rendered":"<p>A prata coloidal ou citrato de prata tem um poderoso efeito antibacteriano e antiss\u00e9ptico natural aplicado em cosm\u00e9ticos. Seu uso na forma de um creme facial \u00e9 ideal para aliviar e melhorar a condi\u00e7\u00e3o da pele com tend\u00eancia a acne ou eczema. Contamos-lhe tudo sobre isso neste artigo.  <\/p>\n","protected":false},"author":1,"featured_media":16730,"comment_status":"closed","ping_status":"open","sticky":false,"template":"","format":"standard","meta":{"_acf_changed":false,"_et_pb_use_builder":"on","_et_pb_old_content":"","_et_gb_content_width":"","footnotes":""},"categories":[3667,3863,3775],"tags":[3679,3648,3698,3847,3695,3658],"class_list":["post-17838","post","type-post","status-publish","format-standard","has-post-thumbnail","hentry","category-cosmeticos-naturais","category-oleo-de-cannabis-sativa","category-prata-coloidal","tag-biocosmeticos","tag-cosmeticos-naturais","tag-cosmeticos-veganos","tag-cuidados-com-o-cabelo","tag-oleo-de-canhamo-pt-pt","tag-oleo-de-sementes-de-canhamo"],"acf":[],"_links":{"self":[{"href":"https:\/\/annabis.es\/pt-pt\/wp-json\/wp\/v2\/posts\/17838","targetHints":{"allow":["GET"]}}],"collection":[{"href":"https:\/\/annabis.es\/pt-pt\/wp-json\/wp\/v2\/posts"}],"about":[{"href":"https:\/\/annabis.es\/pt-pt\/wp-json\/wp\/v2\/types\/post"}],"author":[{"embeddable":true,"href":"https:\/\/annabis.es\/pt-pt\/wp-json\/wp\/v2\/users\/1"}],"replies":[{"embeddable":true,"href":"https:\/\/annabis.es\/pt-pt\/wp-json\/wp\/v2\/comments?post=17838"}],"version-history":[{"count":0,"href":"https:\/\/annabis.es\/pt-pt\/wp-json\/wp\/v2\/posts\/17838\/revisions"}],"wp:featuredmedia":[{"embeddable":true,"href":"https:\/\/annabis.es\/pt-pt\/wp-json\/wp\/v2\/media\/16730"}],"wp:attachment":[{"href":"https:\/\/annabis.es\/pt-pt\/wp-json\/wp\/v2\/media?parent=17838"}],"wp:term":[{"taxonomy":"category","embeddable":true,"href":"https:\/\/annabis.es\/pt-pt\/wp-json\/wp\/v2\/categories?post=17838"},{"taxonomy":"post_tag","embeddable":true,"href":"https:\/\/annabis.es\/pt-pt\/wp-json\/wp\/v2\/tags?post=17838"}],"curies":[{"name":"wp","href":"https:\/\/api.w.org\/{rel}","templated":true}]}}