{"id":17880,"date":"2024-02-27T14:50:56","date_gmt":"2024-02-27T12:50:56","guid":{"rendered":"https:\/\/annabis.es\/sem-categoria\/sandalo-amyris-balsamifera\/"},"modified":"2024-10-24T15:20:40","modified_gmt":"2024-10-24T13:20:40","slug":"sandalo-amyris-balsamifera","status":"publish","type":"post","link":"https:\/\/annabis.es\/pt-pt\/ingredientes-cosmeticos-naturais\/sandalo-amyris-balsamifera\/","title":{"rendered":"S\u00e2ndalo (Amyris balsamifera)"},"content":{"rendered":"<p>[et_pb_section fb_built=&#8221;1&#8243; _builder_version=&#8221;4.16&#8243; global_colors_info=&#8221;{}&#8221;][et_pb_row _builder_version=&#8221;4.16&#8243; background_size=&#8221;initial&#8221; background_position=&#8221;top_left&#8221; background_repeat=&#8221;repeat&#8221; global_colors_info=&#8221;{}&#8221;][et_pb_column type=&#8221;4_4&#8243; _builder_version=&#8221;4.16&#8243; custom_padding=&#8221;|||&#8221; global_colors_info=&#8221;{}&#8221; custom_padding__hover=&#8221;|||&#8221;][et_pb_text _builder_version=&#8221;4.24.2&#8243; background_size=&#8221;initial&#8221; background_position=&#8221;top_left&#8221; background_repeat=&#8221;repeat&#8221; global_colors_info=&#8221;{}&#8221;]<\/p>\n<h2>S\u00e2ndalo (Amyris balsamifera) em cosm\u00e9ticos naturais<\/h2>\n<p>Amyris balsamifera, comumente conhecido como s\u00e2ndalo ocidental ou s\u00e2ndalo indiano, \u00e9 um recurso valioso na ind\u00fastria de cosm\u00e9ticos devido aos seus in\u00fameros benef\u00edcios para a pele e aroma agrad\u00e1vel. Esta \u00e1rvore arom\u00e1tica, nativa da Am\u00e9rica Central e do Caribe, produz um \u00f3leo essencial que \u00e9 usado em uma variedade de produtos de higiene pessoal e beleza. <\/p>\n<p>Um dos principais benef\u00edcios da Amyris balsamifera em cosm\u00e9ticos \u00e9 o seu aroma caracter\u00edstico e relaxante. Sua fragr\u00e2ncia suave e reconfortante \u00e9 usada em perfumes, cremes e \u00f3leos corporais para proporcionar uma experi\u00eancia sensorial agrad\u00e1vel e relaxante. <\/p>\n<p>Al\u00e9m de seu aroma, o \u00f3leo essencial de Amyris balsamifera \u00e9 conhecido por suas propriedades hidratantes e emolientes. Este ingrediente natural ajuda a suavizar e nutrir a pele, deixando-a macia ao toque e visivelmente mais radiante. \u00c9 especialmente ben\u00e9fico para a pele seca ou desidratada, uma vez que ajuda a restaurar a barreira cut\u00e2nea e a reter a hidrata\u00e7\u00e3o.  <\/p>\n<p>Outro benef\u00edcio importante de Amyris balsamifera em cosm\u00e9ticos \u00e9 a sua capacidade de acalmar a pele sens\u00edvel e irritada. As suas propriedades anti-inflamat\u00f3rias ajudam a reduzir a irrita\u00e7\u00e3o e vermelhid\u00e3o, tornando-o ideal para pessoas com pele propensa a rea\u00e7\u00f5es adversas ou sensibilidade. <\/p>\n<p>Al\u00e9m disso, o \u00f3leo essencial de Amyris balsamifera exibe propriedades antioxidantes, o que significa que pode ajudar a proteger a pele dos danos causados pelos radicais livres e pelo stress ambiental. Isto ajuda a manter a pele mais jovem, saud\u00e1vel e protegida contra os sinais de envelhecimento precoce. <\/p>\n<p>Em resumo, Amyris balsamifera \u00e9 um ingrediente vers\u00e1til em cosm\u00e9ticos que oferece uma combina\u00e7\u00e3o \u00fanica de aroma agrad\u00e1vel e benef\u00edcios para a pele, tornando-se uma escolha popular em uma ampla gama de produtos de cuidados pessoais e beleza.<\/p>\n<p>[\/et_pb_text][\/et_pb_column][\/et_pb_row][et_pb_row _builder_version=&#8221;4.24.2&#8243; _module_preset=&#8221;default&#8221; global_colors_info=&#8221;{}&#8221;][et_pb_column type=&#8221;4_4&#8243; _builder_version=&#8221;4.24.2&#8243; _module_preset=&#8221;default&#8221; global_colors_info=&#8221;{}&#8221;][et_pb_text _builder_version=&#8221;4.24.2&#8243; _module_preset=&#8221;default&#8221; global_colors_info=&#8221;{}&#8221;]<\/p>\n<h2>Quais produtos Annabis cont\u00eam Amyris balsamifera?<\/h2>\n<p>[\/et_pb_text][\/et_pb_column][\/et_pb_row][et_pb_row column_structure=&#8221;1_4,1_4,1_4,1_4&#8243; _builder_version=&#8221;4.24.2&#8243; _module_preset=&#8221;default&#8221; animation_style=&#8221;fade&#8221; global_colors_info=&#8221;{}&#8221;][et_pb_column type=&#8221;1_4&#8243; _builder_version=&#8221;4.24.2&#8243; _module_preset=&#8221;default&#8221; global_colors_info=&#8221;{}&#8221;][et_pb_image src=&#8221;https:\/\/annabis.es\/wp-content\/uploads\/2020\/07\/Annabis_Balcann_balm_50ml_EXP_04.jpg&#8221; alt=&#8221;GEL DE CARVALHO BALCANN \u00b7 Gel regenerador de c\u00e2nhamo natural e vegano&#8221; title_text=&#8221;Annabis_Balcann_balm_50ml_EXP_04&#8243; url=&#8221;https:\/\/annabis.es\/pt-pt\/producto\/balcann-cbd-cbg-balsamo-regenerador-de-cannabis-organica-para-pele-seca-e-sensivel\/&#8221; _builder_version=&#8221;4.24.2&#8243; _module_preset=&#8221;default&#8221; global_colors_info=&#8221;{}&#8221;][\/et_pb_image][et_pb_text _builder_version=&#8221;4.24.2&#8243; _module_preset=&#8221;default&#8221; header_4_line_height=&#8221;1.5em&#8221; link_option_url=&#8221;https:\/\/annabis.es\/pt-pt\/producto\/balcann-cbd-cbg-balsamo-regenerador-de-cannabis-organica-para-pele-seca-e-sensivel\/&#8221; global_colors_info=&#8221;{}&#8221;]<\/p>\n<h4 style=\"text-align: center;\">Pomada Balcann<\/h4>\n<p>[\/et_pb_text][\/et_pb_column][et_pb_column type=&#8221;1_4&#8243; _builder_version=&#8221;4.24.2&#8243; _module_preset=&#8221;default&#8221; global_colors_info=&#8221;{}&#8221;][et_pb_image src=&#8221;https:\/\/annabis.es\/wp-content\/uploads\/2015\/05\/Annabis_Handcann_EXP_02.jpg&#8221; alt=&#8221;HANDCANN Q10 \u2022 Creme de m\u00e3os natural de c\u00e2nhamo hidratante e regenerador&#8221; title_text=&#8221;Annabis_Handcann_EXP_02&#8243; url=&#8221;https:\/\/annabis.es\/producto\/handcann-crema-regeneradora-canamo-manos-secas\/&#8221; _builder_version=&#8221;4.24.2&#8243; _module_preset=&#8221;default&#8221; global_colors_info=&#8221;{}&#8221;][\/et_pb_image][et_pb_text _builder_version=&#8221;4.24.2&#8243; _module_preset=&#8221;default&#8221; header_4_line_height=&#8221;1.5em&#8221; link_option_url=&#8221;https:\/\/annabis.es\/producto\/handcann-crema-regeneradora-canamo-manos-secas\/&#8221; global_colors_info=&#8221;{}&#8221;]<\/p>\n<h4 style=\"text-align: center;\">Cann de m\u00e3o<\/h4>\n<p>[\/et_pb_text][\/et_pb_column][et_pb_column type=&#8221;1_4&#8243; _builder_version=&#8221;4.24.2&#8243; _module_preset=&#8221;default&#8221; global_colors_info=&#8221;{}&#8221;][et_pb_image src=&#8221;https:\/\/annabis.es\/wp-content\/uploads\/2021\/12\/Annabis_Footcann2_EXP_02.jpg&#8221; alt=&#8221;Creme nutritivo de cannabis para p\u00e9s BIO 75 ml&#8221; title_text=&#8221;Annabis_Footcann2_EXP_02&#8243; url=&#8221;https:\/\/annabis.es\/pt-pt\/producto\/footcann-bio-creme-nutritivo-de-cannabis-para-pes-bio-75-ml\/&#8221; _builder_version=&#8221;4.24.2&#8243; _module_preset=&#8221;default&#8221; global_colors_info=&#8221;{}&#8221;][\/et_pb_image][et_pb_text _builder_version=&#8221;4.24.2&#8243; _module_preset=&#8221;default&#8221; header_4_line_height=&#8221;1.5em&#8221; link_option_url=&#8221;https:\/\/annabis.es\/pt-pt\/producto\/footcann-bio-creme-nutritivo-de-cannabis-para-pes-bio-75-ml\/&#8221; global_colors_info=&#8221;{}&#8221;]<\/p>\n<h4 style=\"text-align: center;\">Footcann<\/h4>\n<p>[\/et_pb_text][\/et_pb_column][et_pb_column type=&#8221;1_4&#8243; _builder_version=&#8221;4.24.2&#8243; _module_preset=&#8221;default&#8221; global_colors_info=&#8221;{}&#8221;][et_pb_image src=&#8221;https:\/\/annabis.es\/wp-content\/uploads\/2015\/06\/Annabis_Cremcann_Q10_EXP_02.jpg&#8221; alt=&#8221;CREMCANN Q10 \u2022 Creme facial hidratante e regenerador natural para as primeiras rugas&#8221; title_text=&#8221;Annabis_Cremcann_Q10_EXP_02&#8243; url=&#8221;https:\/\/annabis.es\/producto\/cremcann-q10-crema-facial-de-canamo-regeneradora-con-coenzima-q10\/&#8221; _builder_version=&#8221;4.24.2&#8243; _module_preset=&#8221;default&#8221; global_colors_info=&#8221;{}&#8221;][\/et_pb_image][et_pb_text _builder_version=&#8221;4.24.2&#8243; _module_preset=&#8221;default&#8221; header_4_line_height=&#8221;1.5em&#8221; link_option_url=&#8221;https:\/\/annabis.es\/producto\/cremcann-q10-crema-facial-de-canamo-regeneradora-con-coenzima-q10\/&#8221; global_colors_info=&#8221;{}&#8221;]<\/p>\n<h4 style=\"text-align: center;\">Cremcann Q10<\/h4>\n<p>[\/et_pb_text][\/et_pb_column][\/et_pb_row][et_pb_row column_structure=&#8221;1_4,1_4,1_4,1_4&#8243; _builder_version=&#8221;4.24.2&#8243; _module_preset=&#8221;default&#8221; animation_style=&#8221;fade&#8221; global_colors_info=&#8221;{}&#8221;][et_pb_column type=&#8221;1_4&#8243; _builder_version=&#8221;4.24.2&#8243; _module_preset=&#8221;default&#8221; global_colors_info=&#8221;{}&#8221;][et_pb_image src=&#8221;https:\/\/annabis.es\/wp-content\/uploads\/2015\/06\/Annabis_Cremcann_Q10MEN_EXP_02.jpg&#8221; alt=&#8221;CREMCANN Q10 HOMENS \u00b7 Creme facial hidratante e regenerador natural para homens&#8221; title_text=&#8221;Annabis_Cremcann_Q10MEN_EXP_02&#8243; url=&#8221;https:\/\/annabis.es\/?post_type=product&amp;p=3662&#8243; _builder_version=&#8221;4.24.2&#8243; _module_preset=&#8221;default&#8221; global_colors_info=&#8221;{}&#8221;][\/et_pb_image][et_pb_text _builder_version=&#8221;4.24.2&#8243; _module_preset=&#8221;default&#8221; header_4_line_height=&#8221;1.5em&#8221; link_option_url=&#8221;https:\/\/annabis.es\/?post_type=product&amp;p=3662&#8243; global_colors_info=&#8221;{}&#8221;]<\/p>\n<h4 style=\"text-align: center;\">Cremcann Q10 Homem<\/h4>\n<p>[\/et_pb_text][\/et_pb_column][et_pb_column type=&#8221;1_4&#8243; _builder_version=&#8221;4.24.2&#8243; _module_preset=&#8221;default&#8221; global_colors_info=&#8221;{}&#8221;][et_pb_image src=&#8221;https:\/\/annabis.es\/wp-content\/uploads\/2015\/06\/Annabis_Cremcann_Hyaluron_EXP_02.jpg&#8221; alt=&#8221;CREMCANN HYALURON \u2022 Creme facial hidratante e apertante natural para pele madura&#8221; title_text=&#8221;Annabis_Cremcann_Hyaluron_EXP_02&#8243; url=&#8221;https:\/\/annabis.es\/?post_type=product&amp;p=3660&#8243; _builder_version=&#8221;4.24.2&#8243; _module_preset=&#8221;default&#8221; global_colors_info=&#8221;{}&#8221;][\/et_pb_image][et_pb_text _builder_version=&#8221;4.24.2&#8243; _module_preset=&#8221;default&#8221; header_4_line_height=&#8221;1.5em&#8221; link_option_url=&#8221;https:\/\/annabis.es\/?post_type=product&amp;p=3660&#8243; global_colors_info=&#8221;{}&#8221;]<\/p>\n<h4 style=\"text-align: center;\">Cremcann Hyaluron<\/h4>\n<p>[\/et_pb_text][\/et_pb_column][et_pb_column type=&#8221;1_4&#8243; _builder_version=&#8221;4.24.2&#8243; _module_preset=&#8221;default&#8221; global_colors_info=&#8221;{}&#8221;][et_pb_image src=&#8221;https:\/\/annabis.es\/wp-content\/uploads\/2015\/05\/Annabis_Bodycann_Body_milk_EXP_02.jpg&#8221; alt=&#8221;BODYCANN LEITE CORPORAL \u00b7 Leite corporal hidratante de c\u00e2nhamo natural e vegano&#8221; title_text=&#8221;Annabis_Bodycann_Body_milk_EXP_02&#8243; url=&#8221;https:\/\/annabis.es\/producto\/bodycann-body-milk-locion-corporal-canamo-piel-atopica\/&#8221; _builder_version=&#8221;4.24.2&#8243; _module_preset=&#8221;default&#8221; global_colors_info=&#8221;{}&#8221;][\/et_pb_image][et_pb_text _builder_version=&#8221;4.24.2&#8243; _module_preset=&#8221;default&#8221; header_4_line_height=&#8221;1.5em&#8221; link_option_url=&#8221;https:\/\/annabis.es\/producto\/bodycann-body-milk-locion-corporal-canamo-piel-atopica\/&#8221; global_colors_info=&#8221;{}&#8221;]<\/p>\n<h4 style=\"text-align: center;\">Bodycann Leite Corporal<\/h4>\n<p>[\/et_pb_text][\/et_pb_column][et_pb_column type=&#8221;1_4&#8243; _builder_version=&#8221;4.24.2&#8243; _module_preset=&#8221;default&#8221; global_colors_info=&#8221;{}&#8221;][et_pb_image src=&#8221;https:\/\/annabis.es\/wp-content\/uploads\/2015\/05\/Annabis_Bodycann_Shampoo_EXP_02.jpg&#8221; alt=&#8221;SHAMPOO BODYCANN \u00b7 Shampoo de c\u00e2nhamo natural e vegano&#8221; title_text=&#8221;Annabis_Bodycann_Shampoo_EXP_02&#8243; url=&#8221;https:\/\/annabis.es\/producto\/bodycann-champu-natural-canamo-cuero-cabelludo-sensible\/&#8221; _builder_version=&#8221;4.24.2&#8243; _module_preset=&#8221;default&#8221; global_colors_info=&#8221;{}&#8221;][\/et_pb_image][et_pb_text _builder_version=&#8221;4.24.2&#8243; _module_preset=&#8221;default&#8221; header_4_line_height=&#8221;1.5em&#8221; link_option_url=&#8221;https:\/\/annabis.es\/producto\/bodycann-champu-natural-canamo-cuero-cabelludo-sensible\/&#8221; global_colors_info=&#8221;{}&#8221;]<\/p>\n<h4 style=\"text-align: center;\">Bodycann Shampoo<\/h4>\n<p>[\/et_pb_text][\/et_pb_column][\/et_pb_row][et_pb_row column_structure=&#8221;1_4,1_4,1_4,1_4&#8243; _builder_version=&#8221;4.24.2&#8243; _module_preset=&#8221;default&#8221; animation_style=&#8221;fade&#8221; global_colors_info=&#8221;{}&#8221;][et_pb_column type=&#8221;1_4&#8243; _builder_version=&#8221;4.24.2&#8243; _module_preset=&#8221;default&#8221; global_colors_info=&#8221;{}&#8221;][et_pb_image src=&#8221;https:\/\/annabis.es\/wp-content\/uploads\/2015\/05\/Annabis_Bodycann_Shower_gel_EXP_02.jpg&#8221; alt=&#8221;GEL DE BANHO BODYCANN \u00b7 Gel de c\u00e2nhamo natural e vegan para banho e higiene di\u00e1ria&#8221; title_text=&#8221;Annabis_Bodycann_Shower_gel_EXP_02&#8243; url=&#8221;https:\/\/annabis.es\/producto\/bodycann-gel-de-canamo-pieles-sensibles-atopicas\/&#8221; _builder_version=&#8221;4.24.2&#8243; _module_preset=&#8221;default&#8221; global_colors_info=&#8221;{}&#8221;][\/et_pb_image][et_pb_text _builder_version=&#8221;4.24.2&#8243; _module_preset=&#8221;default&#8221; header_4_line_height=&#8221;1.5em&#8221; link_option_url=&#8221;https:\/\/annabis.es\/producto\/bodycann-gel-de-canamo-pieles-sensibles-atopicas\/&#8221; global_colors_info=&#8221;{}&#8221;]<\/p>\n<h4 style=\"text-align: center;\">Gel de banho Bodycann<\/h4>\n<p>[\/et_pb_text][\/et_pb_column][et_pb_column type=&#8221;1_4&#8243; _builder_version=&#8221;4.24.2&#8243; _module_preset=&#8221;default&#8221; global_colors_info=&#8221;{}&#8221;][\/et_pb_column][et_pb_column type=&#8221;1_4&#8243; _builder_version=&#8221;4.24.2&#8243; _module_preset=&#8221;default&#8221; global_colors_info=&#8221;{}&#8221;][\/et_pb_column][et_pb_column type=&#8221;1_4&#8243; _builder_version=&#8221;4.24.2&#8243; _module_preset=&#8221;default&#8221; global_colors_info=&#8221;{}&#8221;][\/et_pb_column][\/et_pb_row][\/et_pb_section]<\/p>\n","protected":false},"excerpt":{"rendered":"<p>S\u00e2ndalo (Amyris balsamifera) em cosm\u00e9ticos naturais Amyris balsamifera, comumente conhecido como s\u00e2ndalo ocidental ou s\u00e2ndalo indiano, \u00e9 um recurso valioso na ind\u00fastria de cosm\u00e9ticos devido aos seus in\u00fameros benef\u00edcios para a pele e aroma agrad\u00e1vel. Esta \u00e1rvore arom\u00e1tica, nativa da Am\u00e9rica Central e do Caribe, produz um \u00f3leo essencial que \u00e9 usado em uma variedade [&hellip;]<\/p>\n","protected":false},"author":1,"featured_media":16862,"comment_status":"closed","ping_status":"closed","sticky":false,"template":"","format":"standard","meta":{"_acf_changed":false,"_et_pb_use_builder":"on","_et_pb_old_content":"","_et_gb_content_width":"","footnotes":""},"categories":[3601],"tags":[3604,3881,3883,3603],"class_list":["post-17880","post","type-post","status-publish","format-standard","has-post-thumbnail","hentry","category-ingredientes-cosmeticos-naturais","tag-antioxidante-pt-pt","tag-hidratacao-pt-pt","tag-relaxante","tag-sedativo"],"acf":[],"_links":{"self":[{"href":"https:\/\/annabis.es\/pt-pt\/wp-json\/wp\/v2\/posts\/17880","targetHints":{"allow":["GET"]}}],"collection":[{"href":"https:\/\/annabis.es\/pt-pt\/wp-json\/wp\/v2\/posts"}],"about":[{"href":"https:\/\/annabis.es\/pt-pt\/wp-json\/wp\/v2\/types\/post"}],"author":[{"embeddable":true,"href":"https:\/\/annabis.es\/pt-pt\/wp-json\/wp\/v2\/users\/1"}],"replies":[{"embeddable":true,"href":"https:\/\/annabis.es\/pt-pt\/wp-json\/wp\/v2\/comments?post=17880"}],"version-history":[{"count":0,"href":"https:\/\/annabis.es\/pt-pt\/wp-json\/wp\/v2\/posts\/17880\/revisions"}],"wp:featuredmedia":[{"embeddable":true,"href":"https:\/\/annabis.es\/pt-pt\/wp-json\/wp\/v2\/media\/16862"}],"wp:attachment":[{"href":"https:\/\/annabis.es\/pt-pt\/wp-json\/wp\/v2\/media?parent=17880"}],"wp:term":[{"taxonomy":"category","embeddable":true,"href":"https:\/\/annabis.es\/pt-pt\/wp-json\/wp\/v2\/categories?post=17880"},{"taxonomy":"post_tag","embeddable":true,"href":"https:\/\/annabis.es\/pt-pt\/wp-json\/wp\/v2\/tags?post=17880"}],"curies":[{"name":"wp","href":"https:\/\/api.w.org\/{rel}","templated":true}]}}